{"id":1527,"date":"2010-06-24T22:32:47","date_gmt":"2010-06-25T01:32:47","guid":{"rendered":"http:\/\/www.jucumnorte.com.ar\/es\/?p=1527"},"modified":"2010-06-24T22:57:03","modified_gmt":"2010-06-25T01:57:03","slug":"pastores-en-la-legislatura","status":"publish","type":"post","link":"https:\/\/www.jucumnorte.com.ar\/es\/pastores-en-la-legislatura\/","title":{"rendered":"Pastores en la Legislatura"},"content":{"rendered":"<p style=\"text-align: center;\"><img loading=\"lazy\" decoding=\"async\" class=\"alignnone size-full wp-image-1534\" title=\"Pastor David Olivera\" src=\"http:\/\/www.jucumnorte.com.ar\/es\/..\/wp-content\/2010\/06\/Pastor-David-Olivera1.jpg\" alt=\"Pastor David Olivera\" width=\"448\" height=\"336\" srcset=\"https:\/\/www.jucumnorte.com.ar\/es\/wp-content\/uploads\/2010\/06\/Pastor-David-Olivera1.jpg 448w, https:\/\/www.jucumnorte.com.ar\/es\/wp-content\/uploads\/2010\/06\/Pastor-David-Olivera1-300x224.jpg 300w\" sizes=\"auto, (max-width: 448px) 100vw, 448px\" \/><\/p>\n<address style=\"text-align: center;\">Partor David Olivera<\/address>\n<address style=\"text-align: center;\"> <\/address>\n<p>El viernes 11 de junio en la legislatura\u00a0 de  la ciudad de corrientes se realiz\u00f3, una reuni\u00f3n de la comisi\u00f3n del senado de la naci\u00f3n, que trata sobre la ley  del matrimonio del mismo sexo, en al cual estuvieron disertando diferentes  personas de la provincia; entre ellos hubieron representantes de la iglesia  evang\u00e9lica; los Pastores Miguel \u00c1ngel Pujol, Sergio D\u00edas, Carlos G\u00f3mez y David  Olivera (JuCUM). Participaron el Lic. Daniel Humber y el Doc. Fabi\u00e1n Esp\u00edndola.  En dicha sesi\u00f3n de 38 disertantes, solo 8 estuvieron a favor de la ley y 30  en contra; \u00a0de los 8 disertantes a favor de dicha ley, 3 de ellos proced\u00edan de Buenos Aires. Esto mostr\u00f3 un poco,  que la sociedad de corrientes no est\u00e1 a favor de la ley del matrimonio del  mismo sexo.<\/p>\n<p style=\"text-align: center;\"><img loading=\"lazy\" decoding=\"async\" class=\"alignnone size-full wp-image-1532\" title=\"Pastores en la legislatura\" src=\"http:\/\/www.jucumnorte.com.ar\/es\/..\/wp-content\/2010\/06\/Pastores-en-la-legislatura.jpg\" alt=\"Pastores en la legislatura\" width=\"448\" height=\"336\" srcset=\"https:\/\/www.jucumnorte.com.ar\/es\/wp-content\/uploads\/2010\/06\/Pastores-en-la-legislatura.jpg 448w, https:\/\/www.jucumnorte.com.ar\/es\/wp-content\/uploads\/2010\/06\/Pastores-en-la-legislatura-300x224.jpg 300w\" sizes=\"auto, (max-width: 448px) 100vw, 448px\" \/><\/p>\n<address style=\"text-align: center;\">Pastores en la legislatura<br \/>\n<\/address>\n<address style=\"text-align: center;\"> <\/address>\n<p>Al mismo tiempo en la plaza 25 de mayo, la cual se encuentra frente a la legislatura, hubo un  grupo de personas\u00a0 marchando a favor de la familia y en contra de la ley mencionada anteriormente, entre el grupo  de personas la iglesia evang\u00e9lica hizo acto de presencia, con el fin de  seguir declarando que la familia es el v\u00ednculo que Dios ah creado desde un  principio var\u00f3n y mujer, para ser alimentada con valores que nutran a nuestra sociedad.<\/p>\n<p style=\"text-align: center;\"><img loading=\"lazy\" decoding=\"async\" class=\"alignnone size-full wp-image-1533\" title=\"Defensa de la familia\" src=\"http:\/\/www.jucumnorte.com.ar\/es\/..\/wp-content\/2010\/06\/Defensa-de-la-familia.jpg\" alt=\"Defensa de la familia\" width=\"448\" height=\"282\" srcset=\"https:\/\/www.jucumnorte.com.ar\/es\/wp-content\/uploads\/2010\/06\/Defensa-de-la-familia.jpg 448w, https:\/\/www.jucumnorte.com.ar\/es\/wp-content\/uploads\/2010\/06\/Defensa-de-la-familia-300x188.jpg 300w\" sizes=\"auto, (max-width: 448px) 100vw, 448px\" \/><\/p>\n<address style=\"text-align: center;\">Marcha frente a la legislatura<br \/>\n<\/address>\n<p>El pastor y director de JuCUM en la ciudad de  Corrientes David Olivera comparti\u00f3 la preocupaci\u00f3n de c\u00f3mo los medios de  comunicaci\u00f3n enfatizan las informaciones a favor de esta ley.<\/p>\n","protected":false},"excerpt":{"rendered":"<p>Partor David Olivera El viernes 11 de junio en la legislatura\u00a0 de la ciudad de corrientes se realiz\u00f3, una reuni\u00f3n de la comisi\u00f3n del senado de la naci\u00f3n, que trata sobre la ley del matrimonio del mismo sexo, en al cual estuvieron disertando diferentes personas de la provincia; entre ellos hubieron representantes de la iglesia [&hellip;]<\/p>\n","protected":false},"author":1,"featured_media":0,"comment_status":"closed","ping_status":"open","sticky":false,"template":"","format":"standard","meta":{"footnotes":""},"categories":[1],"tags":[],"class_list":["post-1527","post","type-post","status-publish","format-standard","hentry","category-noticias"],"_links":{"self":[{"href":"https:\/\/www.jucumnorte.com.ar\/es\/wp-json\/wp\/v2\/posts\/1527","targetHints":{"allow":["GET"]}}],"collection":[{"href":"https:\/\/www.jucumnorte.com.ar\/es\/wp-json\/wp\/v2\/posts"}],"about":[{"href":"https:\/\/www.jucumnorte.com.ar\/es\/wp-json\/wp\/v2\/types\/post"}],"author":[{"embeddable":true,"href":"https:\/\/www.jucumnorte.com.ar\/es\/wp-json\/wp\/v2\/users\/1"}],"replies":[{"embeddable":true,"href":"https:\/\/www.jucumnorte.com.ar\/es\/wp-json\/wp\/v2\/comments?post=1527"}],"version-history":[{"count":0,"href":"https:\/\/www.jucumnorte.com.ar\/es\/wp-json\/wp\/v2\/posts\/1527\/revisions"}],"wp:attachment":[{"href":"https:\/\/www.jucumnorte.com.ar\/es\/wp-json\/wp\/v2\/media?parent=1527"}],"wp:term":[{"taxonomy":"category","embeddable":true,"href":"https:\/\/www.jucumnorte.com.ar\/es\/wp-json\/wp\/v2\/categories?post=1527"},{"taxonomy":"post_tag","embeddable":true,"href":"https:\/\/www.jucumnorte.com.ar\/es\/wp-json\/wp\/v2\/tags?post=1527"}],"curies":[{"name":"wp","href":"https:\/\/api.w.org\/{rel}","templated":true}]}}