{"id":1537,"date":"2010-07-02T09:38:22","date_gmt":"2010-07-02T12:38:22","guid":{"rendered":"http:\/\/www.jucumnorte.com.ar\/es\/?p=1537"},"modified":"2010-07-02T10:24:25","modified_gmt":"2010-07-02T13:24:25","slug":"evangelismo","status":"publish","type":"post","link":"https:\/\/www.jucumnorte.com.ar\/es\/evangelismo\/","title":{"rendered":"Evangelismo"},"content":{"rendered":"<p style=\"text-align: center;\"><img loading=\"lazy\" decoding=\"async\" class=\"alignnone size-full wp-image-1550\" title=\"IMG_0285\" src=\"http:\/\/www.jucumnorte.com.ar\/es\/..\/wp-content\/2010\/07\/IMG_02851.JPG\" alt=\"IMG_0285\" width=\"336\" height=\"448\" srcset=\"https:\/\/www.jucumnorte.com.ar\/es\/wp-content\/uploads\/2010\/07\/IMG_02851.JPG 336w, https:\/\/www.jucumnorte.com.ar\/es\/wp-content\/uploads\/2010\/07\/IMG_02851-224x300.jpg 224w\" sizes=\"auto, (max-width: 336px) 100vw, 336px\" \/><\/p>\n<p>Enfatizando el d\u00eda mundial de la ni\u00f1ez en riesgo, el s\u00e1bado 19 de junio JuCUM\u00a0 realiz\u00f3 un evento en la plaza Juan de Vera de la ciudad de Corrientes, para concientizar de los riesgos que cada ni\u00f1o sufre alrededor del mundo. El fin de este evento fue compartir la esperanza de vida que implica la cruz.<\/p>\n<p style=\"text-align: center;\"><img loading=\"lazy\" decoding=\"async\" class=\"alignnone size-full wp-image-1547\" title=\"evangelismo 2\" src=\"http:\/\/www.jucumnorte.com.ar\/es\/..\/wp-content\/2010\/07\/evangelismo-21.jpg\" alt=\"evangelismo 2\" width=\"448\" height=\"324\" srcset=\"https:\/\/www.jucumnorte.com.ar\/es\/wp-content\/uploads\/2010\/07\/evangelismo-21.jpg 448w, https:\/\/www.jucumnorte.com.ar\/es\/wp-content\/uploads\/2010\/07\/evangelismo-21-300x216.jpg 300w\" sizes=\"auto, (max-width: 448px) 100vw, 448px\" \/><\/p>\n<p>Hubo una mesa con informaci\u00f3n de los distintos peligros que sufre la ni\u00f1ez como; maltrato infantil, ni\u00f1os en guerra, ni\u00f1os en la calle, abusos, prostituci\u00f3n infantil, trabajo infantil, etc. La organizaci\u00f3n del evento estuvo a cargo del ministerio de evangelismo, contando con la participaci\u00f3n del ministerio de Rescate y restauraci\u00f3n y Kings Kids; en presentar las diferentes problem\u00e1ticas de la ni\u00f1ez.<\/p>\n<p style=\"text-align: center;\"><img loading=\"lazy\" decoding=\"async\" class=\"alignnone size-full wp-image-1548\" title=\"evangelismo 1\" src=\"http:\/\/www.jucumnorte.com.ar\/es\/..\/wp-content\/2010\/07\/evangelismo-12.jpg\" alt=\"evangelismo 1\" width=\"415\" height=\"336\" srcset=\"https:\/\/www.jucumnorte.com.ar\/es\/wp-content\/uploads\/2010\/07\/evangelismo-12.jpg 415w, https:\/\/www.jucumnorte.com.ar\/es\/wp-content\/uploads\/2010\/07\/evangelismo-12-300x242.jpg 300w\" sizes=\"auto, (max-width: 415px) 100vw, 415px\" \/><\/p>\n<p style=\"text-align: center;\">\n<p>Por medio de estatuas vivientes y payasos que regalaron globos con valores y principios cristianos el ministerio de arte alegr\u00f3 a ni\u00f1os y padres. A esto no pod\u00eda faltar el elenco de Kings Kids,\u00a0 los cuales captaron la atenci\u00f3n de muchas personas, las cuales fueron ministradas a trav\u00e9s de la presentaci\u00f3n de diversas coreograf\u00edas.<\/p>\n<p style=\"text-align: center;\"><img loading=\"lazy\" decoding=\"async\" class=\"alignnone size-full wp-image-1549\" title=\"evangelismo 3\" src=\"http:\/\/www.jucumnorte.com.ar\/es\/..\/wp-content\/2010\/07\/evangelismo-31.jpg\" alt=\"evangelismo 3\" width=\"336\" height=\"439\" srcset=\"https:\/\/www.jucumnorte.com.ar\/es\/wp-content\/uploads\/2010\/07\/evangelismo-31.jpg 336w, https:\/\/www.jucumnorte.com.ar\/es\/wp-content\/uploads\/2010\/07\/evangelismo-31-229x300.jpg 229w\" sizes=\"auto, (max-width: 336px) 100vw, 336px\" \/><\/p>\n<p style=\"text-align: center;\">\n","protected":false},"excerpt":{"rendered":"<p>Enfatizando el d\u00eda mundial de la ni\u00f1ez en riesgo, el s\u00e1bado 19 de junio JuCUM\u00a0 realiz\u00f3 un evento en la plaza Juan de Vera de la ciudad de Corrientes, para concientizar de los riesgos que cada ni\u00f1o sufre alrededor del mundo. El fin de este evento fue compartir la esperanza de vida que implica la [&hellip;]<\/p>\n","protected":false},"author":1,"featured_media":0,"comment_status":"closed","ping_status":"open","sticky":false,"template":"","format":"standard","meta":{"footnotes":""},"categories":[1],"tags":[],"class_list":["post-1537","post","type-post","status-publish","format-standard","hentry","category-noticias"],"_links":{"self":[{"href":"https:\/\/www.jucumnorte.com.ar\/es\/wp-json\/wp\/v2\/posts\/1537","targetHints":{"allow":["GET"]}}],"collection":[{"href":"https:\/\/www.jucumnorte.com.ar\/es\/wp-json\/wp\/v2\/posts"}],"about":[{"href":"https:\/\/www.jucumnorte.com.ar\/es\/wp-json\/wp\/v2\/types\/post"}],"author":[{"embeddable":true,"href":"https:\/\/www.jucumnorte.com.ar\/es\/wp-json\/wp\/v2\/users\/1"}],"replies":[{"embeddable":true,"href":"https:\/\/www.jucumnorte.com.ar\/es\/wp-json\/wp\/v2\/comments?post=1537"}],"version-history":[{"count":0,"href":"https:\/\/www.jucumnorte.com.ar\/es\/wp-json\/wp\/v2\/posts\/1537\/revisions"}],"wp:attachment":[{"href":"https:\/\/www.jucumnorte.com.ar\/es\/wp-json\/wp\/v2\/media?parent=1537"}],"wp:term":[{"taxonomy":"category","embeddable":true,"href":"https:\/\/www.jucumnorte.com.ar\/es\/wp-json\/wp\/v2\/categories?post=1537"},{"taxonomy":"post_tag","embeddable":true,"href":"https:\/\/www.jucumnorte.com.ar\/es\/wp-json\/wp\/v2\/tags?post=1537"}],"curies":[{"name":"wp","href":"https:\/\/api.w.org\/{rel}","templated":true}]}}