{"id":1552,"date":"2010-07-05T16:31:32","date_gmt":"2010-07-05T19:31:32","guid":{"rendered":"http:\/\/www.jucumnorte.com.ar\/es\/?p=1552"},"modified":"2010-07-05T16:47:24","modified_gmt":"2010-07-05T19:47:24","slug":"insignia-patria","status":"publish","type":"post","link":"https:\/\/www.jucumnorte.com.ar\/es\/insignia-patria\/","title":{"rendered":"Insignia Patria"},"content":{"rendered":"<address> <\/address>\n<p style=\"text-align: center;\"><img loading=\"lazy\" decoding=\"async\" class=\"alignnone size-full wp-image-1564\" title=\"Instituto acto de la bandera 3\" src=\"http:\/\/www.jucumnorte.com.ar\/es\/..\/wp-content\/2010\/07\/Instituto-acto-de-la-bandera-32.jpg\" alt=\"Instituto acto de la bandera 3\" width=\"412\" height=\"336\" srcset=\"https:\/\/www.jucumnorte.com.ar\/es\/wp-content\/uploads\/2010\/07\/Instituto-acto-de-la-bandera-32.jpg 412w, https:\/\/www.jucumnorte.com.ar\/es\/wp-content\/uploads\/2010\/07\/Instituto-acto-de-la-bandera-32-300x244.jpg 300w\" sizes=\"auto, (max-width: 412px) 100vw, 412px\" \/><\/p>\n<p>Recordando el d\u00eda de nuestra bandera azul y blanca el 20 de Junio, el \u201cInstituto Nueva Generaci\u00f3n\u201d convoc\u00f3\u00a0 a padres y alumnos a conmemorar nuestra insignia patria, con un acto que se efectu\u00f3 en las instalaciones\u00a0 donde actualmente \u00a0se brinda educaci\u00f3n, valores y principios cristianos.<\/p>\n<p style=\"text-align: center;\"><img loading=\"lazy\" decoding=\"async\" class=\"alignnone size-full wp-image-1561\" title=\"Instituto acto de la bandera 1\" src=\"http:\/\/www.jucumnorte.com.ar\/es\/..\/wp-content\/2010\/07\/Instituto-acto-de-la-bandera-1.jpg\" alt=\"Instituto acto de la bandera 1\" width=\"448\" height=\"326\" srcset=\"https:\/\/www.jucumnorte.com.ar\/es\/wp-content\/uploads\/2010\/07\/Instituto-acto-de-la-bandera-1.jpg 448w, https:\/\/www.jucumnorte.com.ar\/es\/wp-content\/uploads\/2010\/07\/Instituto-acto-de-la-bandera-1-300x218.jpg 300w\" sizes=\"auto, (max-width: 448px) 100vw, 448px\" \/><\/p>\n<p>Vivimos en un siglo en donde la palabra de Dios es una necesidad fundamental para\u00a0 las familias; por eso es que el Pastor David Olivera comparti\u00f3 un mensaje de compromiso, tras citar el ejemplo de Manuel Belgrano, con su compromiso con la naci\u00f3n.<\/p>\n<p style=\"text-align: center;\"><img loading=\"lazy\" decoding=\"async\" class=\"alignnone size-full wp-image-1563\" title=\"Instituto acto de la bandera 2\" src=\"http:\/\/www.jucumnorte.com.ar\/es\/..\/wp-content\/2010\/07\/Instituto-acto-de-la-bandera-2.jpg\" alt=\"Instituto acto de la bandera 2\" width=\"448\" height=\"321\" srcset=\"https:\/\/www.jucumnorte.com.ar\/es\/wp-content\/uploads\/2010\/07\/Instituto-acto-de-la-bandera-2.jpg 448w, https:\/\/www.jucumnorte.com.ar\/es\/wp-content\/uploads\/2010\/07\/Instituto-acto-de-la-bandera-2-300x214.jpg 300w\" sizes=\"auto, (max-width: 448px) 100vw, 448px\" \/><\/p>\n<p>Tras unas palabras alusivas a la fecha,\u00a0 el director Fabi\u00e1n Fuglistaler dirigi\u00f3 la ceremonia en donde alumnos de 4 a\u00f1os prometieron respetar, cuidar y defender la bandera; finalizado el mismo se hizo entrega de las libretas de calificaciones a los tutores.<\/p>\n","protected":false},"excerpt":{"rendered":"<p>Recordando el d\u00eda de nuestra bandera azul y blanca el 20 de Junio, el \u201cInstituto Nueva Generaci\u00f3n\u201d convoc\u00f3\u00a0 a padres y alumnos a conmemorar nuestra insignia patria, con un acto que se efectu\u00f3 en las instalaciones\u00a0 donde actualmente \u00a0se brinda educaci\u00f3n, valores y principios cristianos. Vivimos en un siglo en donde la palabra de Dios [&hellip;]<\/p>\n","protected":false},"author":1,"featured_media":0,"comment_status":"closed","ping_status":"open","sticky":false,"template":"","format":"standard","meta":{"footnotes":""},"categories":[1],"tags":[],"class_list":["post-1552","post","type-post","status-publish","format-standard","hentry","category-noticias"],"_links":{"self":[{"href":"https:\/\/www.jucumnorte.com.ar\/es\/wp-json\/wp\/v2\/posts\/1552","targetHints":{"allow":["GET"]}}],"collection":[{"href":"https:\/\/www.jucumnorte.com.ar\/es\/wp-json\/wp\/v2\/posts"}],"about":[{"href":"https:\/\/www.jucumnorte.com.ar\/es\/wp-json\/wp\/v2\/types\/post"}],"author":[{"embeddable":true,"href":"https:\/\/www.jucumnorte.com.ar\/es\/wp-json\/wp\/v2\/users\/1"}],"replies":[{"embeddable":true,"href":"https:\/\/www.jucumnorte.com.ar\/es\/wp-json\/wp\/v2\/comments?post=1552"}],"version-history":[{"count":0,"href":"https:\/\/www.jucumnorte.com.ar\/es\/wp-json\/wp\/v2\/posts\/1552\/revisions"}],"wp:attachment":[{"href":"https:\/\/www.jucumnorte.com.ar\/es\/wp-json\/wp\/v2\/media?parent=1552"}],"wp:term":[{"taxonomy":"category","embeddable":true,"href":"https:\/\/www.jucumnorte.com.ar\/es\/wp-json\/wp\/v2\/categories?post=1552"},{"taxonomy":"post_tag","embeddable":true,"href":"https:\/\/www.jucumnorte.com.ar\/es\/wp-json\/wp\/v2\/tags?post=1552"}],"curies":[{"name":"wp","href":"https:\/\/api.w.org\/{rel}","templated":true}]}}