{"id":1578,"date":"2010-07-15T22:55:16","date_gmt":"2010-07-16T01:55:16","guid":{"rendered":"http:\/\/www.jucumnorte.com.ar\/es\/?p=1578"},"modified":"2010-07-15T22:55:16","modified_gmt":"2010-07-16T01:55:16","slug":"9-de-julio","status":"publish","type":"post","link":"https:\/\/www.jucumnorte.com.ar\/es\/9-de-julio\/","title":{"rendered":"9 de Julio."},"content":{"rendered":"<p><img loading=\"lazy\" decoding=\"async\" class=\"alignnone size-full wp-image-1579\" title=\"ng07\" src=\"http:\/\/www.jucumnorte.com.ar\/es\/..\/wp-content\/2010\/07\/ng07.JPG\" alt=\"ng07\" width=\"640\" height=\"427\" srcset=\"https:\/\/www.jucumnorte.com.ar\/es\/wp-content\/uploads\/2010\/07\/ng07.JPG 640w, https:\/\/www.jucumnorte.com.ar\/es\/wp-content\/uploads\/2010\/07\/ng07-300x200.jpg 300w\" sizes=\"auto, (max-width: 640px) 100vw, 640px\" \/><\/p>\n<p><img loading=\"lazy\" decoding=\"async\" class=\"alignnone size-full wp-image-1583\" title=\"ng25\" src=\"http:\/\/www.jucumnorte.com.ar\/es\/..\/wp-content\/2010\/07\/ng25.JPG\" alt=\"ng25\" width=\"640\" height=\"427\" srcset=\"https:\/\/www.jucumnorte.com.ar\/es\/wp-content\/uploads\/2010\/07\/ng25.JPG 640w, https:\/\/www.jucumnorte.com.ar\/es\/wp-content\/uploads\/2010\/07\/ng25-300x200.jpg 300w\" sizes=\"auto, (max-width: 640px) 100vw, 640px\" \/><br \/>\n<em>Representaciones tradicionales.<\/em><\/p>\n<p>Con motivo de recordar una fecha que marc\u00f3 la historia de nuestro pa\u00eds, el 9 de Julio el Instituto Nueva Generaci\u00f3n convoc\u00f3 a docentes, alumnos, padres, comunidad educativa en general para celebrar un a\u00f1o m\u00e1s de la Declaraci\u00f3n de la Independencia.<\/p>\n<p>Nuestro s\u00edmbolo patrio se hizo presente junto a las estrofas del Himno Nacional Argentino, dando lugar a palabras alusivas referente a la fecha. El Pastor David Olivera trajo una palabra de Dios, haciendo reflexionar al p\u00fablico presente acerca de la Independencia y que la misma consiste en conocer la verdad, la cual nos trae libertad; \u201cconocer la verdad es conocer a Jes\u00fas\u201d.<\/p>\n<p><img loading=\"lazy\" decoding=\"async\" class=\"alignnone size-full wp-image-1580\" title=\"ng10\" src=\"http:\/\/www.jucumnorte.com.ar\/es\/..\/wp-content\/2010\/07\/ng101.JPG\" alt=\"ng10\" width=\"640\" height=\"427\" srcset=\"https:\/\/www.jucumnorte.com.ar\/es\/wp-content\/uploads\/2010\/07\/ng101.JPG 640w, https:\/\/www.jucumnorte.com.ar\/es\/wp-content\/uploads\/2010\/07\/ng101-300x200.jpg 300w\" sizes=\"auto, (max-width: 640px) 100vw, 640px\" \/><\/p>\n<p><img loading=\"lazy\" decoding=\"async\" class=\"alignnone size-full wp-image-1581\" title=\"ng26\" src=\"http:\/\/www.jucumnorte.com.ar\/es\/..\/wp-content\/2010\/07\/ng261.JPG\" alt=\"ng26\" width=\"640\" height=\"427\" srcset=\"https:\/\/www.jucumnorte.com.ar\/es\/wp-content\/uploads\/2010\/07\/ng261.JPG 640w, https:\/\/www.jucumnorte.com.ar\/es\/wp-content\/uploads\/2010\/07\/ng261-300x200.jpg 300w\" sizes=\"auto, (max-width: 640px) 100vw, 640px\" \/><br \/>\n<em>Discursos y presentaciones.<\/em><\/p>\n<p>Alumnos del nivel inicial dieron un toque especial a tal festejo con su participaci\u00f3n en un baile tradicional, Candombe Jos\u00e9. Se dieron lugar a diversas presentaciones de alumnos de Primer grado a Sexto grado.<\/p>\n<p>En un ambiente familiar, festivo se dio finalizado el acto con las palabras de despedida a cargo del director del Instituto, Fabi\u00e1n Fuglistaler.<\/p>\n<p><img loading=\"lazy\" decoding=\"async\" class=\"alignnone size-full wp-image-1582\" title=\"ng27\" src=\"http:\/\/www.jucumnorte.com.ar\/es\/..\/wp-content\/2010\/07\/ng27.JPG\" alt=\"ng27\" width=\"640\" height=\"427\" srcset=\"https:\/\/www.jucumnorte.com.ar\/es\/wp-content\/uploads\/2010\/07\/ng27.JPG 640w, https:\/\/www.jucumnorte.com.ar\/es\/wp-content\/uploads\/2010\/07\/ng27-300x200.jpg 300w\" sizes=\"auto, (max-width: 640px) 100vw, 640px\" \/><\/p>\n<p><img loading=\"lazy\" decoding=\"async\" class=\"alignnone size-full wp-image-1584\" title=\"ng20\" src=\"http:\/\/www.jucumnorte.com.ar\/es\/..\/wp-content\/2010\/07\/ng20.JPG\" alt=\"ng20\" width=\"640\" height=\"427\" srcset=\"https:\/\/www.jucumnorte.com.ar\/es\/wp-content\/uploads\/2010\/07\/ng20.JPG 640w, https:\/\/www.jucumnorte.com.ar\/es\/wp-content\/uploads\/2010\/07\/ng20-300x200.jpg 300w\" sizes=\"auto, (max-width: 640px) 100vw, 640px\" \/><\/p>\n","protected":false},"excerpt":{"rendered":"<p>Representaciones tradicionales. Con motivo de recordar una fecha que marc\u00f3 la historia de nuestro pa\u00eds, el 9 de Julio el Instituto Nueva Generaci\u00f3n convoc\u00f3 a docentes, alumnos, padres, comunidad educativa en general para celebrar un a\u00f1o m\u00e1s de la Declaraci\u00f3n de la Independencia. Nuestro s\u00edmbolo patrio se hizo presente junto a las estrofas del Himno [&hellip;]<\/p>\n","protected":false},"author":1,"featured_media":0,"comment_status":"closed","ping_status":"open","sticky":false,"template":"","format":"standard","meta":{"footnotes":""},"categories":[1],"tags":[],"class_list":["post-1578","post","type-post","status-publish","format-standard","hentry","category-noticias"],"_links":{"self":[{"href":"https:\/\/www.jucumnorte.com.ar\/es\/wp-json\/wp\/v2\/posts\/1578","targetHints":{"allow":["GET"]}}],"collection":[{"href":"https:\/\/www.jucumnorte.com.ar\/es\/wp-json\/wp\/v2\/posts"}],"about":[{"href":"https:\/\/www.jucumnorte.com.ar\/es\/wp-json\/wp\/v2\/types\/post"}],"author":[{"embeddable":true,"href":"https:\/\/www.jucumnorte.com.ar\/es\/wp-json\/wp\/v2\/users\/1"}],"replies":[{"embeddable":true,"href":"https:\/\/www.jucumnorte.com.ar\/es\/wp-json\/wp\/v2\/comments?post=1578"}],"version-history":[{"count":0,"href":"https:\/\/www.jucumnorte.com.ar\/es\/wp-json\/wp\/v2\/posts\/1578\/revisions"}],"wp:attachment":[{"href":"https:\/\/www.jucumnorte.com.ar\/es\/wp-json\/wp\/v2\/media?parent=1578"}],"wp:term":[{"taxonomy":"category","embeddable":true,"href":"https:\/\/www.jucumnorte.com.ar\/es\/wp-json\/wp\/v2\/categories?post=1578"},{"taxonomy":"post_tag","embeddable":true,"href":"https:\/\/www.jucumnorte.com.ar\/es\/wp-json\/wp\/v2\/tags?post=1578"}],"curies":[{"name":"wp","href":"https:\/\/api.w.org\/{rel}","templated":true}]}}