{"id":1587,"date":"2010-07-15T23:06:37","date_gmt":"2010-07-16T02:06:37","guid":{"rendered":"http:\/\/www.jucumnorte.com.ar\/es\/?p=1587"},"modified":"2010-07-15T23:06:37","modified_gmt":"2010-07-16T02:06:37","slug":"juntos-por-la-ninez","status":"publish","type":"post","link":"https:\/\/www.jucumnorte.com.ar\/es\/juntos-por-la-ninez\/","title":{"rendered":"Juntos por la ni\u00f1ez"},"content":{"rendered":"<p><img loading=\"lazy\" decoding=\"async\" class=\"alignnone size-full wp-image-1588\" title=\"retiro de ninos 06\" src=\"http:\/\/www.jucumnorte.com.ar\/es\/..\/wp-content\/2010\/07\/retiro-de-ninos-061.JPG\" alt=\"retiro de ninos 06\" width=\"640\" height=\"427\" srcset=\"https:\/\/www.jucumnorte.com.ar\/es\/wp-content\/uploads\/2010\/07\/retiro-de-ninos-061.JPG 640w, https:\/\/www.jucumnorte.com.ar\/es\/wp-content\/uploads\/2010\/07\/retiro-de-ninos-061-300x200.jpg 300w\" sizes=\"auto, (max-width: 640px) 100vw, 640px\" \/><\/p>\n<p>Los d\u00edas 9 al 11 de julio nos reunimos en el polideportivo Ferrer, de la ciudad de Corrientes; a trav\u00e9s del lema \u201cJuntos por la ni\u00f1ez\u201d, todos aquellos ministerios involucrados en el desarrollo de la vida integra del ni\u00f1o.<\/p>\n<p>Con la participaci\u00f3n como orador, Walter Luna director del ministerio de Kings Kids a nivel Argentina, fuimos educados y ense\u00f1ados a trav\u00e9s de la palabra de Dios la importancia de mostrar y moldear en la vida de los ni\u00f1os y adolescentes la vida misma de Jes\u00fas. \u201cNo solo tenemos que conocer y hacer conocido a Dios, sino tambi\u00e9n edificar a Jes\u00fas en nuestras vidas y en la de aquellos que nos rodea\u201d dec\u00eda Walter en una de sus plenarias.<\/p>\n<p><img loading=\"lazy\" decoding=\"async\" class=\"alignnone size-full wp-image-1591\" title=\"retiro de ninos 05\" src=\"http:\/\/www.jucumnorte.com.ar\/es\/..\/wp-content\/2010\/07\/retiro-de-ninos-051.JPG\" alt=\"retiro de ninos 05\" width=\"640\" height=\"427\" srcset=\"https:\/\/www.jucumnorte.com.ar\/es\/wp-content\/uploads\/2010\/07\/retiro-de-ninos-051.JPG 640w, https:\/\/www.jucumnorte.com.ar\/es\/wp-content\/uploads\/2010\/07\/retiro-de-ninos-051-300x200.jpg 300w\" sizes=\"auto, (max-width: 640px) 100vw, 640px\" \/><\/p>\n<p>Tambi\u00e9n participaron los hermanos de la Iglesia de la Ciudad de Resistencia Chaco \u201cRestauraci\u00f3n en el \u00e1rea sexual\u201d d\u00e1ndonos las formas y maneras de c\u00f3mo educar a nuestros ni\u00f1os y adolescentes en toda esta \u00e1rea sexual.<\/p>\n<p>Participaron del Retiro los l\u00edderes de los ministerios Red de Kings Kids de Posadas, Ap\u00f3stoles, Campo Viera, Virasoro, Alem, el ministerio de rescate y restauraci\u00f3n de JuCUM Corrientes, maestros de escuela dominical.<\/p>\n<p>Organizado por el ministerio de Kings Kids Corrientes.<\/p>\n<p><img loading=\"lazy\" decoding=\"async\" class=\"alignnone size-full wp-image-1589\" title=\"retiro de ninos 01\" src=\"http:\/\/www.jucumnorte.com.ar\/es\/..\/wp-content\/2010\/07\/retiro-de-ninos-01.JPG\" alt=\"retiro de ninos 01\" width=\"640\" height=\"427\" srcset=\"https:\/\/www.jucumnorte.com.ar\/es\/wp-content\/uploads\/2010\/07\/retiro-de-ninos-01.JPG 640w, https:\/\/www.jucumnorte.com.ar\/es\/wp-content\/uploads\/2010\/07\/retiro-de-ninos-01-300x200.jpg 300w\" sizes=\"auto, (max-width: 640px) 100vw, 640px\" \/><\/p>\n<p><img loading=\"lazy\" decoding=\"async\" class=\"alignnone size-full wp-image-1590\" title=\"retiro de ninos 03\" src=\"http:\/\/www.jucumnorte.com.ar\/es\/..\/wp-content\/2010\/07\/retiro-de-ninos-031.JPG\" alt=\"retiro de ninos 03\" width=\"427\" height=\"640\" srcset=\"https:\/\/www.jucumnorte.com.ar\/es\/wp-content\/uploads\/2010\/07\/retiro-de-ninos-031.JPG 427w, https:\/\/www.jucumnorte.com.ar\/es\/wp-content\/uploads\/2010\/07\/retiro-de-ninos-031-200x300.jpg 200w\" sizes=\"auto, (max-width: 427px) 100vw, 427px\" \/><\/p>\n","protected":false},"excerpt":{"rendered":"<p>Los d\u00edas 9 al 11 de julio nos reunimos en el polideportivo Ferrer, de la ciudad de Corrientes; a trav\u00e9s del lema \u201cJuntos por la ni\u00f1ez\u201d, todos aquellos ministerios involucrados en el desarrollo de la vida integra del ni\u00f1o. Con la participaci\u00f3n como orador, Walter Luna director del ministerio de Kings Kids a nivel Argentina, [&hellip;]<\/p>\n","protected":false},"author":1,"featured_media":0,"comment_status":"closed","ping_status":"open","sticky":false,"template":"","format":"standard","meta":{"footnotes":""},"categories":[1],"tags":[],"class_list":["post-1587","post","type-post","status-publish","format-standard","hentry","category-noticias"],"_links":{"self":[{"href":"https:\/\/www.jucumnorte.com.ar\/es\/wp-json\/wp\/v2\/posts\/1587","targetHints":{"allow":["GET"]}}],"collection":[{"href":"https:\/\/www.jucumnorte.com.ar\/es\/wp-json\/wp\/v2\/posts"}],"about":[{"href":"https:\/\/www.jucumnorte.com.ar\/es\/wp-json\/wp\/v2\/types\/post"}],"author":[{"embeddable":true,"href":"https:\/\/www.jucumnorte.com.ar\/es\/wp-json\/wp\/v2\/users\/1"}],"replies":[{"embeddable":true,"href":"https:\/\/www.jucumnorte.com.ar\/es\/wp-json\/wp\/v2\/comments?post=1587"}],"version-history":[{"count":0,"href":"https:\/\/www.jucumnorte.com.ar\/es\/wp-json\/wp\/v2\/posts\/1587\/revisions"}],"wp:attachment":[{"href":"https:\/\/www.jucumnorte.com.ar\/es\/wp-json\/wp\/v2\/media?parent=1587"}],"wp:term":[{"taxonomy":"category","embeddable":true,"href":"https:\/\/www.jucumnorte.com.ar\/es\/wp-json\/wp\/v2\/categories?post=1587"},{"taxonomy":"post_tag","embeddable":true,"href":"https:\/\/www.jucumnorte.com.ar\/es\/wp-json\/wp\/v2\/tags?post=1587"}],"curies":[{"name":"wp","href":"https:\/\/api.w.org\/{rel}","templated":true}]}}