{"id":1593,"date":"2010-07-15T23:17:45","date_gmt":"2010-07-16T02:17:45","guid":{"rendered":"http:\/\/www.jucumnorte.com.ar\/es\/?p=1593"},"modified":"2010-07-15T23:17:45","modified_gmt":"2010-07-16T02:17:45","slug":"hombre-y-mujer","status":"publish","type":"post","link":"https:\/\/www.jucumnorte.com.ar\/es\/hombre-y-mujer\/","title":{"rendered":"Hombre y Mujer"},"content":{"rendered":"<p><img loading=\"lazy\" decoding=\"async\" class=\"alignnone size-full wp-image-1597\" title=\"protesto_pequeno3\" src=\"http:\/\/www.jucumnorte.com.ar\/es\/..\/wp-content\/2010\/07\/protesto_pequeno3.jpg\" alt=\"protesto_pequeno3\" width=\"640\" height=\"960\" srcset=\"https:\/\/www.jucumnorte.com.ar\/es\/wp-content\/uploads\/2010\/07\/protesto_pequeno3.jpg 640w, https:\/\/www.jucumnorte.com.ar\/es\/wp-content\/uploads\/2010\/07\/protesto_pequeno3-200x300.jpg 200w\" sizes=\"auto, (max-width: 640px) 100vw, 640px\" \/><\/p>\n<p>El martes 13 de julio se dieron cita cat\u00f3licos y evang\u00e9licos de distintas denominaciones; el encuentro fue en una de las plazas principales de la ciudad de Corrientes con el motivo de marchar declarando que Dios en un principio cre\u00f3 al \u00abHombre y Mujer\u00bb para que ambos constituyeran la familia, s\u00edmbolo de pureza, amor, compromiso, etc.; y que todo ni\u00f1o tiene el derecho de crecer junto a pap\u00e1 y mam\u00e1. La marcha se extendi\u00f3 por la peatonal Junin hasta la Plaza Juan de Vera en donde continuaron las declaraciones de los principios establecidos por Dios; dejando en claro que no es discriminaci\u00f3n a nadie, sino una proclama de la verdad que Dios estableci\u00f3.<\/p>\n<p><img loading=\"lazy\" decoding=\"async\" class=\"alignnone size-full wp-image-1595\" title=\"protesto_pequeno4\" src=\"http:\/\/www.jucumnorte.com.ar\/es\/..\/wp-content\/2010\/07\/protesto_pequeno4.jpg\" alt=\"protesto_pequeno4\" width=\"640\" height=\"427\" srcset=\"https:\/\/www.jucumnorte.com.ar\/es\/wp-content\/uploads\/2010\/07\/protesto_pequeno4.jpg 640w, https:\/\/www.jucumnorte.com.ar\/es\/wp-content\/uploads\/2010\/07\/protesto_pequeno4-300x200.jpg 300w\" sizes=\"auto, (max-width: 640px) 100vw, 640px\" \/><\/p>\n<p><img loading=\"lazy\" decoding=\"async\" class=\"alignnone size-full wp-image-1594\" title=\"protesto_pequeno2\" src=\"http:\/\/www.jucumnorte.com.ar\/es\/..\/wp-content\/2010\/07\/protesto_pequeno2.jpg\" alt=\"protesto_pequeno2\" width=\"640\" height=\"427\" srcset=\"https:\/\/www.jucumnorte.com.ar\/es\/wp-content\/uploads\/2010\/07\/protesto_pequeno2.jpg 640w, https:\/\/www.jucumnorte.com.ar\/es\/wp-content\/uploads\/2010\/07\/protesto_pequeno2-300x200.jpg 300w\" sizes=\"auto, (max-width: 640px) 100vw, 640px\" \/><\/p>\n<p>Continuemos orando para que Dios siga extendiendo sus misericordia y que a\u00fan en medio de todo muchos tengan un encuentro con su creador.<\/p>\n<p><img loading=\"lazy\" decoding=\"async\" class=\"alignnone size-full wp-image-1596\" title=\"protesto_pequeno1\" src=\"http:\/\/www.jucumnorte.com.ar\/es\/..\/wp-content\/2010\/07\/protesto_pequeno11.jpg\" alt=\"protesto_pequeno1\" width=\"427\" height=\"640\" srcset=\"https:\/\/www.jucumnorte.com.ar\/es\/wp-content\/uploads\/2010\/07\/protesto_pequeno11.jpg 427w, https:\/\/www.jucumnorte.com.ar\/es\/wp-content\/uploads\/2010\/07\/protesto_pequeno11-200x300.jpg 200w\" sizes=\"auto, (max-width: 427px) 100vw, 427px\" \/><\/p>\n","protected":false},"excerpt":{"rendered":"<p>El martes 13 de julio se dieron cita cat\u00f3licos y evang\u00e9licos de distintas denominaciones; el encuentro fue en una de las plazas principales de la ciudad de Corrientes con el motivo de marchar declarando que Dios en un principio cre\u00f3 al \u00abHombre y Mujer\u00bb para que ambos constituyeran la familia, s\u00edmbolo de pureza, amor, compromiso, [&hellip;]<\/p>\n","protected":false},"author":1,"featured_media":0,"comment_status":"closed","ping_status":"open","sticky":false,"template":"","format":"standard","meta":{"footnotes":""},"categories":[1],"tags":[],"class_list":["post-1593","post","type-post","status-publish","format-standard","hentry","category-noticias"],"_links":{"self":[{"href":"https:\/\/www.jucumnorte.com.ar\/es\/wp-json\/wp\/v2\/posts\/1593","targetHints":{"allow":["GET"]}}],"collection":[{"href":"https:\/\/www.jucumnorte.com.ar\/es\/wp-json\/wp\/v2\/posts"}],"about":[{"href":"https:\/\/www.jucumnorte.com.ar\/es\/wp-json\/wp\/v2\/types\/post"}],"author":[{"embeddable":true,"href":"https:\/\/www.jucumnorte.com.ar\/es\/wp-json\/wp\/v2\/users\/1"}],"replies":[{"embeddable":true,"href":"https:\/\/www.jucumnorte.com.ar\/es\/wp-json\/wp\/v2\/comments?post=1593"}],"version-history":[{"count":0,"href":"https:\/\/www.jucumnorte.com.ar\/es\/wp-json\/wp\/v2\/posts\/1593\/revisions"}],"wp:attachment":[{"href":"https:\/\/www.jucumnorte.com.ar\/es\/wp-json\/wp\/v2\/media?parent=1593"}],"wp:term":[{"taxonomy":"category","embeddable":true,"href":"https:\/\/www.jucumnorte.com.ar\/es\/wp-json\/wp\/v2\/categories?post=1593"},{"taxonomy":"post_tag","embeddable":true,"href":"https:\/\/www.jucumnorte.com.ar\/es\/wp-json\/wp\/v2\/tags?post=1593"}],"curies":[{"name":"wp","href":"https:\/\/api.w.org\/{rel}","templated":true}]}}