{"id":1639,"date":"2010-07-28T22:17:24","date_gmt":"2010-07-29T01:17:24","guid":{"rendered":"http:\/\/www.jucumnorte.com.ar\/es\/?p=1639"},"modified":"2010-07-28T22:17:24","modified_gmt":"2010-07-29T01:17:24","slug":"elegi-la-vida","status":"publish","type":"post","link":"https:\/\/www.jucumnorte.com.ar\/es\/elegi-la-vida\/","title":{"rendered":"Eleg\u00ed la vida"},"content":{"rendered":"<p><img loading=\"lazy\" decoding=\"async\" class=\"alignnone size-full wp-image-1640\" title=\"evento-aborto033\" src=\"http:\/\/www.jucumnorte.com.ar\/es\/..\/wp-content\/2010\/07\/evento-aborto033.JPG\" alt=\"evento-aborto033\" width=\"640\" height=\"427\" srcset=\"https:\/\/www.jucumnorte.com.ar\/es\/wp-content\/uploads\/2010\/07\/evento-aborto033.JPG 640w, https:\/\/www.jucumnorte.com.ar\/es\/wp-content\/uploads\/2010\/07\/evento-aborto033-300x200.jpg 300w\" sizes=\"auto, (max-width: 640px) 100vw, 640px\" \/><br \/>\n<em>la lema &#8216;Elegi la vida&#8217;<\/em><\/p>\n<p>\u2018Eleg\u00ed la vida\u2019 fue el lema para el evento evangelistico que tuvimos este fin de semana pasado lo cual estuvo enfocado en la tema del \u2018Aborto\u2019. El S\u00e1bado 24 de Julio, en la plaza Juan de Vera, uno de las plazas m\u00e1s importantes de Corrientes, hicimos un evento con m\u00fasica, coreograf\u00edas, obras de teatro, mesas de informaci\u00f3n y evangelismo uno a uno, todo esto con un solo prop\u00f3sito: informar a las personas de esta verdad, \u2018Que la vida tiene valor desde el momento de la concepci\u00f3n.\u2019<\/p>\n<p><img loading=\"lazy\" decoding=\"async\" class=\"alignnone size-full wp-image-1644\" title=\"evento-aborto31\" src=\"http:\/\/www.jucumnorte.com.ar\/es\/..\/wp-content\/2010\/07\/evento-aborto31.JPG\" alt=\"evento-aborto31\" width=\"640\" height=\"427\" srcset=\"https:\/\/www.jucumnorte.com.ar\/es\/wp-content\/uploads\/2010\/07\/evento-aborto31.JPG 640w, https:\/\/www.jucumnorte.com.ar\/es\/wp-content\/uploads\/2010\/07\/evento-aborto31-300x200.jpg 300w\" sizes=\"auto, (max-width: 640px) 100vw, 640px\" \/><br \/>\n<em>Mesa de informatativa<\/em><\/p>\n<p>La respuesta del p\u00fablico fue variada, algunos estaban a favor del tema y otros en contra, pero algo que nos animo fue poder ver que muchos estaban abiertos a escuchar lo que ten\u00edamos para decir. Nosotros somos el pueblo de Dios aqu\u00ed en la tierra, puestos para declarar Su verdad, si nosotros no lo hacemos, quien lo har\u00e1?<\/p>\n<p><img loading=\"lazy\" decoding=\"async\" class=\"alignnone size-full wp-image-1641\" title=\"evento-aborto038\" src=\"http:\/\/www.jucumnorte.com.ar\/es\/..\/wp-content\/2010\/07\/evento-aborto038.JPG\" alt=\"evento-aborto038\" width=\"640\" height=\"427\" srcset=\"https:\/\/www.jucumnorte.com.ar\/es\/wp-content\/uploads\/2010\/07\/evento-aborto038.JPG 640w, https:\/\/www.jucumnorte.com.ar\/es\/wp-content\/uploads\/2010\/07\/evento-aborto038-300x200.jpg 300w\" sizes=\"auto, (max-width: 640px) 100vw, 640px\" \/><br \/>\n<em>Coreografia de Kings Kids.<\/em><\/p>\n<p><img loading=\"lazy\" decoding=\"async\" class=\"alignnone size-full wp-image-1642\" title=\"evento-aborto18\" src=\"http:\/\/www.jucumnorte.com.ar\/es\/..\/wp-content\/2010\/07\/evento-aborto18.JPG\" alt=\"evento-aborto18\" width=\"640\" height=\"427\" srcset=\"https:\/\/www.jucumnorte.com.ar\/es\/wp-content\/uploads\/2010\/07\/evento-aborto18.JPG 640w, https:\/\/www.jucumnorte.com.ar\/es\/wp-content\/uploads\/2010\/07\/evento-aborto18-300x200.jpg 300w\" sizes=\"auto, (max-width: 640px) 100vw, 640px\" \/><br \/>\n<em>Video informativa acerca del Aborto.<\/em><\/p>\n<p><img loading=\"lazy\" decoding=\"async\" class=\"alignnone size-full wp-image-1643\" title=\"evento-aborto24\" src=\"http:\/\/www.jucumnorte.com.ar\/es\/..\/wp-content\/2010\/07\/evento-aborto241.JPG\" alt=\"evento-aborto24\" width=\"640\" height=\"427\" srcset=\"https:\/\/www.jucumnorte.com.ar\/es\/wp-content\/uploads\/2010\/07\/evento-aborto241.JPG 640w, https:\/\/www.jucumnorte.com.ar\/es\/wp-content\/uploads\/2010\/07\/evento-aborto241-300x200.jpg 300w\" sizes=\"auto, (max-width: 640px) 100vw, 640px\" \/><br \/>\n<em>Evangelismo uno a uno<\/em><\/p>\n<p><img loading=\"lazy\" decoding=\"async\" class=\"alignnone size-full wp-image-1645\" title=\"evento-aborto25\" src=\"http:\/\/www.jucumnorte.com.ar\/es\/..\/wp-content\/2010\/07\/evento-aborto25.JPG\" alt=\"evento-aborto25\" width=\"640\" height=\"431\" srcset=\"https:\/\/www.jucumnorte.com.ar\/es\/wp-content\/uploads\/2010\/07\/evento-aborto25.JPG 640w, https:\/\/www.jucumnorte.com.ar\/es\/wp-content\/uploads\/2010\/07\/evento-aborto25-300x202.jpg 300w\" sizes=\"auto, (max-width: 640px) 100vw, 640px\" \/><br \/>\n<em>Obra de teatro &#8216;el control&#8217;<\/em><\/p>\n","protected":false},"excerpt":{"rendered":"<p>la lema &#8216;Elegi la vida&#8217; \u2018Eleg\u00ed la vida\u2019 fue el lema para el evento evangelistico que tuvimos este fin de semana pasado lo cual estuvo enfocado en la tema del \u2018Aborto\u2019. El S\u00e1bado 24 de Julio, en la plaza Juan de Vera, uno de las plazas m\u00e1s importantes de Corrientes, hicimos un evento con m\u00fasica, [&hellip;]<\/p>\n","protected":false},"author":1,"featured_media":0,"comment_status":"closed","ping_status":"open","sticky":false,"template":"","format":"standard","meta":{"footnotes":""},"categories":[1],"tags":[],"class_list":["post-1639","post","type-post","status-publish","format-standard","hentry","category-noticias"],"_links":{"self":[{"href":"https:\/\/www.jucumnorte.com.ar\/es\/wp-json\/wp\/v2\/posts\/1639","targetHints":{"allow":["GET"]}}],"collection":[{"href":"https:\/\/www.jucumnorte.com.ar\/es\/wp-json\/wp\/v2\/posts"}],"about":[{"href":"https:\/\/www.jucumnorte.com.ar\/es\/wp-json\/wp\/v2\/types\/post"}],"author":[{"embeddable":true,"href":"https:\/\/www.jucumnorte.com.ar\/es\/wp-json\/wp\/v2\/users\/1"}],"replies":[{"embeddable":true,"href":"https:\/\/www.jucumnorte.com.ar\/es\/wp-json\/wp\/v2\/comments?post=1639"}],"version-history":[{"count":0,"href":"https:\/\/www.jucumnorte.com.ar\/es\/wp-json\/wp\/v2\/posts\/1639\/revisions"}],"wp:attachment":[{"href":"https:\/\/www.jucumnorte.com.ar\/es\/wp-json\/wp\/v2\/media?parent=1639"}],"wp:term":[{"taxonomy":"category","embeddable":true,"href":"https:\/\/www.jucumnorte.com.ar\/es\/wp-json\/wp\/v2\/categories?post=1639"},{"taxonomy":"post_tag","embeddable":true,"href":"https:\/\/www.jucumnorte.com.ar\/es\/wp-json\/wp\/v2\/tags?post=1639"}],"curies":[{"name":"wp","href":"https:\/\/api.w.org\/{rel}","templated":true}]}}