{"id":1782,"date":"2010-09-04T14:14:35","date_gmt":"2010-09-04T17:14:35","guid":{"rendered":"http:\/\/www.jucumnorte.com.ar\/es\/?p=1782"},"modified":"2010-09-07T17:24:05","modified_gmt":"2010-09-07T20:24:05","slug":"1782","status":"publish","type":"post","link":"https:\/\/www.jucumnorte.com.ar\/es\/1782\/","title":{"rendered":"Celebrando Las Naciones"},"content":{"rendered":"<p><a href=\"http:\/\/www.jucumnorte.com.ar\/es\/..\/wp-content\/2010\/09\/feria14.jpg\"><img loading=\"lazy\" decoding=\"async\" class=\"aligncenter size-full wp-image-1783\" title=\"feria14\" src=\"http:\/\/www.jucumnorte.com.ar\/es\/..\/wp-content\/2010\/09\/feria14.jpg\" alt=\"\" width=\"448\" height=\"299\" srcset=\"https:\/\/www.jucumnorte.com.ar\/es\/wp-content\/uploads\/2010\/09\/feria14.jpg 448w, https:\/\/www.jucumnorte.com.ar\/es\/wp-content\/uploads\/2010\/09\/feria14-300x200.jpg 300w\" sizes=\"auto, (max-width: 448px) 100vw, 448px\" \/><\/a><\/p>\n<p>El s\u00e1bado 28 de Agosto celebramos una ves m\u00e1s la feria de las naciones y en esta ocaci\u00f3n lo hicimos junto a las Iglesias de Corrientes en donde cada uno pudimos representar a diferentes naciones, fueron 14 en total. En cada stan se presento la comida t\u00edpica, cultura, estad\u00edsticas, etc; Teniendo as\u00ed un tiempo de interseder por los motivos de oraci\u00f3n que cada stan espuso. Fuen un tiempo de disfrutar la diversidad que Dios puso en grupo etnico y el reflejo de su car\u00e1cter en medio de las naciones.<br \/>\nSeguimos orando para que cada lengua,tribu y naci\u00f3n doble sus rodillas declarando la majestad y el reinado del Dios que las form\u00f3.<\/p>\n<p><a href=\"http:\/\/www.jucumnorte.com.ar\/es\/..\/wp-content\/2010\/09\/feria15.jpg\"><img loading=\"lazy\" decoding=\"async\" class=\"aligncenter size-full wp-image-1784\" title=\"feria15\" src=\"http:\/\/www.jucumnorte.com.ar\/es\/..\/wp-content\/2010\/09\/feria15.jpg\" alt=\"\" width=\"448\" height=\"299\" srcset=\"https:\/\/www.jucumnorte.com.ar\/es\/wp-content\/uploads\/2010\/09\/feria15.jpg 448w, https:\/\/www.jucumnorte.com.ar\/es\/wp-content\/uploads\/2010\/09\/feria15-300x200.jpg 300w\" sizes=\"auto, (max-width: 448px) 100vw, 448px\" \/><\/a><a href=\"http:\/\/www.jucumnorte.com.ar\/es\/..\/wp-content\/2010\/09\/feria25.jpg\"><\/a><\/p>\n<p><a href=\"http:\/\/www.jucumnorte.com.ar\/es\/..\/wp-content\/2010\/09\/feria25.jpg\"><img loading=\"lazy\" decoding=\"async\" class=\"aligncenter size-full wp-image-1785\" title=\"feria25\" src=\"http:\/\/www.jucumnorte.com.ar\/es\/..\/wp-content\/2010\/09\/feria25.jpg\" alt=\"\" width=\"448\" height=\"299\" srcset=\"https:\/\/www.jucumnorte.com.ar\/es\/wp-content\/uploads\/2010\/09\/feria25.jpg 448w, https:\/\/www.jucumnorte.com.ar\/es\/wp-content\/uploads\/2010\/09\/feria25-300x200.jpg 300w\" sizes=\"auto, (max-width: 448px) 100vw, 448px\" \/><\/a><\/p>\n<p><a href=\"http:\/\/www.jucumnorte.com.ar\/es\/..\/wp-content\/2010\/09\/feria32.jpg\"><img loading=\"lazy\" decoding=\"async\" class=\"aligncenter size-full wp-image-1786\" title=\"feria32\" src=\"http:\/\/www.jucumnorte.com.ar\/es\/..\/wp-content\/2010\/09\/feria32.jpg\" alt=\"\" width=\"448\" height=\"299\" srcset=\"https:\/\/www.jucumnorte.com.ar\/es\/wp-content\/uploads\/2010\/09\/feria32.jpg 448w, https:\/\/www.jucumnorte.com.ar\/es\/wp-content\/uploads\/2010\/09\/feria32-300x200.jpg 300w\" sizes=\"auto, (max-width: 448px) 100vw, 448px\" \/><\/a><\/p>\n","protected":false},"excerpt":{"rendered":"<p>El s\u00e1bado 28 de Agosto celebramos una ves m\u00e1s la feria de las naciones y en esta ocaci\u00f3n lo hicimos junto a las Iglesias de Corrientes en donde cada uno pudimos representar a diferentes naciones, fueron 14 en total. En cada stan se presento la comida t\u00edpica, cultura, estad\u00edsticas, etc; Teniendo as\u00ed un tiempo de [&hellip;]<\/p>\n","protected":false},"author":1,"featured_media":0,"comment_status":"closed","ping_status":"open","sticky":false,"template":"","format":"standard","meta":{"footnotes":""},"categories":[1],"tags":[],"class_list":["post-1782","post","type-post","status-publish","format-standard","hentry","category-noticias"],"_links":{"self":[{"href":"https:\/\/www.jucumnorte.com.ar\/es\/wp-json\/wp\/v2\/posts\/1782","targetHints":{"allow":["GET"]}}],"collection":[{"href":"https:\/\/www.jucumnorte.com.ar\/es\/wp-json\/wp\/v2\/posts"}],"about":[{"href":"https:\/\/www.jucumnorte.com.ar\/es\/wp-json\/wp\/v2\/types\/post"}],"author":[{"embeddable":true,"href":"https:\/\/www.jucumnorte.com.ar\/es\/wp-json\/wp\/v2\/users\/1"}],"replies":[{"embeddable":true,"href":"https:\/\/www.jucumnorte.com.ar\/es\/wp-json\/wp\/v2\/comments?post=1782"}],"version-history":[{"count":0,"href":"https:\/\/www.jucumnorte.com.ar\/es\/wp-json\/wp\/v2\/posts\/1782\/revisions"}],"wp:attachment":[{"href":"https:\/\/www.jucumnorte.com.ar\/es\/wp-json\/wp\/v2\/media?parent=1782"}],"wp:term":[{"taxonomy":"category","embeddable":true,"href":"https:\/\/www.jucumnorte.com.ar\/es\/wp-json\/wp\/v2\/categories?post=1782"},{"taxonomy":"post_tag","embeddable":true,"href":"https:\/\/www.jucumnorte.com.ar\/es\/wp-json\/wp\/v2\/tags?post=1782"}],"curies":[{"name":"wp","href":"https:\/\/api.w.org\/{rel}","templated":true}]}}