{"id":1825,"date":"2010-10-02T17:07:32","date_gmt":"2010-10-02T20:07:32","guid":{"rendered":"http:\/\/www.jucumnorte.com.ar\/es\/?p=1825"},"modified":"2010-10-02T17:14:25","modified_gmt":"2010-10-02T20:14:25","slug":"evangelismo-para-el-dia-de-la-primavera","status":"publish","type":"post","link":"https:\/\/www.jucumnorte.com.ar\/es\/evangelismo-para-el-dia-de-la-primavera\/","title":{"rendered":"Primavera &#8211; una nueva oportunidad"},"content":{"rendered":"<p style=\"text-align: center;\"><a href=\"http:\/\/www.jucumnorte.com.ar\/es\/..\/wp-content\/2010\/10\/evangelismo-41.jpg\"><img loading=\"lazy\" decoding=\"async\" class=\"aligncenter size-full wp-image-1826\" title=\"evangelismo 4\" src=\"http:\/\/www.jucumnorte.com.ar\/es\/..\/wp-content\/2010\/10\/evangelismo-41.jpg\" alt=\"\" width=\"448\" height=\"299\" srcset=\"https:\/\/www.jucumnorte.com.ar\/es\/wp-content\/uploads\/2010\/10\/evangelismo-41.jpg 448w, https:\/\/www.jucumnorte.com.ar\/es\/wp-content\/uploads\/2010\/10\/evangelismo-41-300x200.jpg 300w\" sizes=\"auto, (max-width: 448px) 100vw, 448px\" \/><\/a><em><br \/>\nUna estatua representando a la primavera.<\/em><\/p>\n<p>El S\u00e1bado 25 de septiembre se realiz\u00f3 un impacto evangel\u00edstico en la Plaza Juan de Vera de la ciudad de Corrientes Capital, con el motivo de celebrar la llegada de la primavera. M\u00e1s all\u00e1 de la representaci\u00f3n de la primavera con flores y colores llamativos, se habl\u00f3 de nuevas oportunidades, de tomar esta primavera como un tiempo de cambios, en donde todos tienen la posibilidad de salir adelante y comenzar sus vidas de nuevo, junto con Dios. Fueron presentes los ni\u00f1os y adolescentes de los King\u00b4s Kids, quienes presentaron varias coreograf\u00edas, suyas canciones hablaron de vivir una vida diferente. El evento tambi\u00e9n cont\u00f3 con la presentaci\u00f3n de varias obras de teatro que mostraron algunas de las consecuencias de nuestras malas elecciones y la soluci\u00f3n que encontramos en Cristo. Se dio mucha informaci\u00f3n a los peatones que pasaron por la plaza sobre el SIDA, el aborto, las drogas, y otras problem\u00e1ticas que afectan a nuestra sociedad. Al terminar el impacto, los misioneros y estudiantes de las escuelas salieron a hablar con todos presentes en la plaza, comparti\u00e9ndoles flores hechas a mano, y la Palabra del Se\u00f1or, para que ellos tambi\u00e9n pudieran tener una nueva oportunidad<\/p>\n<p style=\"text-align: center;\"><a href=\"http:\/\/www.jucumnorte.com.ar\/es\/..\/wp-content\/2010\/10\/evangelismo-1.jpg\"><img loading=\"lazy\" decoding=\"async\" class=\"aligncenter size-full wp-image-1827\" title=\"evangelismo 1\" src=\"http:\/\/www.jucumnorte.com.ar\/es\/..\/wp-content\/2010\/10\/evangelismo-1.jpg\" alt=\"\" width=\"448\" height=\"299\" srcset=\"https:\/\/www.jucumnorte.com.ar\/es\/wp-content\/uploads\/2010\/10\/evangelismo-1.jpg 448w, https:\/\/www.jucumnorte.com.ar\/es\/wp-content\/uploads\/2010\/10\/evangelismo-1-300x200.jpg 300w\" sizes=\"auto, (max-width: 448px) 100vw, 448px\" \/><\/a><em><br \/>\nLa gente observando uno de las obras de teatro.<\/em><\/p>\n<p style=\"text-align: center;\"><a href=\"http:\/\/www.jucumnorte.com.ar\/es\/..\/wp-content\/2010\/10\/evangelismo-2.jpg\"><img loading=\"lazy\" decoding=\"async\" class=\"aligncenter size-full wp-image-1828\" title=\"evangelismo 2\" src=\"http:\/\/www.jucumnorte.com.ar\/es\/..\/wp-content\/2010\/10\/evangelismo-2.jpg\" alt=\"\" width=\"336\" height=\"414\" srcset=\"https:\/\/www.jucumnorte.com.ar\/es\/wp-content\/uploads\/2010\/10\/evangelismo-2.jpg 336w, https:\/\/www.jucumnorte.com.ar\/es\/wp-content\/uploads\/2010\/10\/evangelismo-2-243x300.jpg 243w\" sizes=\"auto, (max-width: 336px) 100vw, 336px\" \/><\/a><em><br \/>\nUno de los Kings kids bailando hip hop.<\/em><\/p>\n<p style=\"text-align: center;\"><a href=\"http:\/\/www.jucumnorte.com.ar\/es\/..\/wp-content\/2010\/10\/evangelismo-53.jpg\"><img loading=\"lazy\" decoding=\"async\" class=\"aligncenter size-full wp-image-1830\" title=\"evangelismo 5\" src=\"http:\/\/www.jucumnorte.com.ar\/es\/..\/wp-content\/2010\/10\/evangelismo-53.jpg\" alt=\"\" width=\"441\" height=\"336\" srcset=\"https:\/\/www.jucumnorte.com.ar\/es\/wp-content\/uploads\/2010\/10\/evangelismo-53.jpg 441w, https:\/\/www.jucumnorte.com.ar\/es\/wp-content\/uploads\/2010\/10\/evangelismo-53-300x228.jpg 300w\" sizes=\"auto, (max-width: 441px) 100vw, 441px\" \/><\/a><em><br \/>\nLa mesa de informacion.<\/em><\/p>\n<p style=\"text-align: center;\"><a href=\"http:\/\/www.jucumnorte.com.ar\/es\/..\/wp-content\/2010\/10\/evangelismo-3.jpg\"><img loading=\"lazy\" decoding=\"async\" class=\"aligncenter size-full wp-image-1831\" title=\"evangelismo 3\" src=\"http:\/\/www.jucumnorte.com.ar\/es\/..\/wp-content\/2010\/10\/evangelismo-3.jpg\" alt=\"\" width=\"448\" height=\"296\" srcset=\"https:\/\/www.jucumnorte.com.ar\/es\/wp-content\/uploads\/2010\/10\/evangelismo-3.jpg 448w, https:\/\/www.jucumnorte.com.ar\/es\/wp-content\/uploads\/2010\/10\/evangelismo-3-300x198.jpg 300w\" sizes=\"auto, (max-width: 448px) 100vw, 448px\" \/><\/a><em><br \/>\nEvangelismo uno a uno.<\/em><\/p>\n","protected":false},"excerpt":{"rendered":"<p>Una estatua representando a la primavera. El S\u00e1bado 25 de septiembre se realiz\u00f3 un impacto evangel\u00edstico en la Plaza Juan de Vera de la ciudad de Corrientes Capital, con el motivo de celebrar la llegada de la primavera. M\u00e1s all\u00e1 de la representaci\u00f3n de la primavera con flores y colores llamativos, se habl\u00f3 de nuevas [&hellip;]<\/p>\n","protected":false},"author":1,"featured_media":0,"comment_status":"closed","ping_status":"open","sticky":false,"template":"","format":"standard","meta":{"footnotes":""},"categories":[1],"tags":[],"class_list":["post-1825","post","type-post","status-publish","format-standard","hentry","category-noticias"],"_links":{"self":[{"href":"https:\/\/www.jucumnorte.com.ar\/es\/wp-json\/wp\/v2\/posts\/1825","targetHints":{"allow":["GET"]}}],"collection":[{"href":"https:\/\/www.jucumnorte.com.ar\/es\/wp-json\/wp\/v2\/posts"}],"about":[{"href":"https:\/\/www.jucumnorte.com.ar\/es\/wp-json\/wp\/v2\/types\/post"}],"author":[{"embeddable":true,"href":"https:\/\/www.jucumnorte.com.ar\/es\/wp-json\/wp\/v2\/users\/1"}],"replies":[{"embeddable":true,"href":"https:\/\/www.jucumnorte.com.ar\/es\/wp-json\/wp\/v2\/comments?post=1825"}],"version-history":[{"count":0,"href":"https:\/\/www.jucumnorte.com.ar\/es\/wp-json\/wp\/v2\/posts\/1825\/revisions"}],"wp:attachment":[{"href":"https:\/\/www.jucumnorte.com.ar\/es\/wp-json\/wp\/v2\/media?parent=1825"}],"wp:term":[{"taxonomy":"category","embeddable":true,"href":"https:\/\/www.jucumnorte.com.ar\/es\/wp-json\/wp\/v2\/categories?post=1825"},{"taxonomy":"post_tag","embeddable":true,"href":"https:\/\/www.jucumnorte.com.ar\/es\/wp-json\/wp\/v2\/tags?post=1825"}],"curies":[{"name":"wp","href":"https:\/\/api.w.org\/{rel}","templated":true}]}}