{"id":1853,"date":"2010-10-05T18:34:22","date_gmt":"2010-10-05T21:34:22","guid":{"rendered":"http:\/\/www.jucumnorte.com.ar\/es\/?p=1853"},"modified":"2010-10-05T18:58:35","modified_gmt":"2010-10-05T21:58:35","slug":"estatuas-vivientes-2","status":"publish","type":"post","link":"https:\/\/www.jucumnorte.com.ar\/es\/estatuas-vivientes-2\/","title":{"rendered":"Estatuas Vivientes."},"content":{"rendered":"<p>El d\u00eda s\u00e1bado 25 de Septiembre, nuestra compa\u00f1\u00eda de arte (Coraz\u00f3n Creativo del Arte) tuvo la oportunidad de participar en el decimo-primero concurso de estatuas vivientes en Recoletta, Buenos Aires. El concurso est\u00e1 organizado anualmente por la <a href=\"http:\/\/www.google.com\/url?sa=t&amp;source=web&amp;cd=1&amp;sqi=2&amp;ved=0CBMQFjAA&amp;url=http%3A%2F%2Fwww.uces.edu.ar%2F&amp;ei=JJKrTKqpDojQsAOkrvH7Aw&amp;usg=AFQjCNGT2K1bNeY2p6EshwQ6LJdG5z0C4Q\"><em>Universidad de Ciencias Empresariales y Sociales<\/em> <\/a>de Buenos Aires. Este a\u00f1o hab\u00edan 30 estatuas de todo el pa\u00eds participando en el concurso que est\u00e1 dividido en 2 categor\u00edas: 1. Cl\u00e1sica y 2. Performance. Nuestros artistas crearon 3 estatuas nuevas para presentar: \u2018Aguas profundas\u2019, \u2018Vida y Esp\u00edritu\u2019 y \u2018Las Naciones\u2019\u2026 cada uno inspirado en el car\u00e1cter de Dios y Su obrar en nuestras vidas. Queremos ser luz para los que no lo tienen y transmitir la presencia, paz, amor y perd\u00f3n del Se\u00f1or en donde El nos lleva.<\/p>\n<p style=\"text-align: center;\"><a href=\"http:\/\/www.jucumnorte.com.ar\/es\/..\/wp-content\/2010\/10\/estatuas.jpg\"><img loading=\"lazy\" decoding=\"async\" class=\"aligncenter size-full wp-image-1858\" title=\"estatuas\" src=\"http:\/\/www.jucumnorte.com.ar\/es\/..\/wp-content\/2010\/10\/estatuas.jpg\" alt=\"\" width=\"640\" height=\"357\" srcset=\"https:\/\/www.jucumnorte.com.ar\/es\/wp-content\/uploads\/2010\/10\/estatuas.jpg 640w, https:\/\/www.jucumnorte.com.ar\/es\/wp-content\/uploads\/2010\/10\/estatuas-300x167.jpg 300w\" sizes=\"auto, (max-width: 640px) 100vw, 640px\" \/><\/a><\/p>\n<p style=\"text-align: center;\"><object classid=\"clsid:d27cdb6e-ae6d-11cf-96b8-444553540000\" width=\"425\" height=\"350\" codebase=\"http:\/\/download.macromedia.com\/pub\/shockwave\/cabs\/flash\/swflash.cab#version=6,0,40,0\"><param name=\"src\" value=\"http:\/\/www.youtube.com\/v\/VxId3fRkO4Y\" \/><embed type=\"application\/x-shockwave-flash\" width=\"425\" height=\"350\" src=\"http:\/\/www.youtube.com\/v\/VxId3fRkO4Y\"><\/embed><\/object><\/p>\n<p style=\"text-align: center;\"><a href=\"http:\/\/www.jucumnorte.com.ar\/es\/..\/wp-content\/2010\/10\/11-Concurso-Nacional-de-Estatuas-Vivientes3.jpg\"><img loading=\"lazy\" decoding=\"async\" class=\"aligncenter size-medium wp-image-1860\" title=\"11-Concurso-Nacional-de-Estatuas-Vivientes\" src=\"http:\/\/www.jucumnorte.com.ar\/es\/..\/wp-content\/2010\/10\/11-Concurso-Nacional-de-Estatuas-Vivientes3-210x300.jpg\" alt=\"\" width=\"210\" height=\"300\" srcset=\"https:\/\/www.jucumnorte.com.ar\/es\/wp-content\/uploads\/2010\/10\/11-Concurso-Nacional-de-Estatuas-Vivientes3-210x300.jpg 210w, https:\/\/www.jucumnorte.com.ar\/es\/wp-content\/uploads\/2010\/10\/11-Concurso-Nacional-de-Estatuas-Vivientes3.jpg 393w\" sizes=\"auto, (max-width: 210px) 100vw, 210px\" \/><\/a><\/p>\n","protected":false},"excerpt":{"rendered":"<p>El d\u00eda s\u00e1bado 25 de Septiembre, nuestra compa\u00f1\u00eda de arte (Coraz\u00f3n Creativo del Arte) tuvo la oportunidad de participar en el decimo-primero concurso de estatuas vivientes en Recoletta, Buenos Aires. El concurso est\u00e1 organizado anualmente por la Universidad de Ciencias Empresariales y Sociales de Buenos Aires. Este a\u00f1o hab\u00edan 30 estatuas de todo el pa\u00eds [&hellip;]<\/p>\n","protected":false},"author":1,"featured_media":0,"comment_status":"closed","ping_status":"open","sticky":false,"template":"","format":"standard","meta":{"footnotes":""},"categories":[1],"tags":[],"class_list":["post-1853","post","type-post","status-publish","format-standard","hentry","category-noticias"],"_links":{"self":[{"href":"https:\/\/www.jucumnorte.com.ar\/es\/wp-json\/wp\/v2\/posts\/1853","targetHints":{"allow":["GET"]}}],"collection":[{"href":"https:\/\/www.jucumnorte.com.ar\/es\/wp-json\/wp\/v2\/posts"}],"about":[{"href":"https:\/\/www.jucumnorte.com.ar\/es\/wp-json\/wp\/v2\/types\/post"}],"author":[{"embeddable":true,"href":"https:\/\/www.jucumnorte.com.ar\/es\/wp-json\/wp\/v2\/users\/1"}],"replies":[{"embeddable":true,"href":"https:\/\/www.jucumnorte.com.ar\/es\/wp-json\/wp\/v2\/comments?post=1853"}],"version-history":[{"count":0,"href":"https:\/\/www.jucumnorte.com.ar\/es\/wp-json\/wp\/v2\/posts\/1853\/revisions"}],"wp:attachment":[{"href":"https:\/\/www.jucumnorte.com.ar\/es\/wp-json\/wp\/v2\/media?parent=1853"}],"wp:term":[{"taxonomy":"category","embeddable":true,"href":"https:\/\/www.jucumnorte.com.ar\/es\/wp-json\/wp\/v2\/categories?post=1853"},{"taxonomy":"post_tag","embeddable":true,"href":"https:\/\/www.jucumnorte.com.ar\/es\/wp-json\/wp\/v2\/tags?post=1853"}],"curies":[{"name":"wp","href":"https:\/\/api.w.org\/{rel}","templated":true}]}}