{"id":1865,"date":"2010-10-14T17:30:56","date_gmt":"2010-10-14T20:30:56","guid":{"rendered":"http:\/\/www.jucumnorte.com.ar\/es\/?p=1865"},"modified":"2010-10-14T17:30:56","modified_gmt":"2010-10-14T20:30:56","slug":"feria-de-naciones-2","status":"publish","type":"post","link":"https:\/\/www.jucumnorte.com.ar\/es\/feria-de-naciones-2\/","title":{"rendered":"Feria de Naciones"},"content":{"rendered":"<p style=\"text-align: center;\"><a href=\"http:\/\/www.jucumnorte.com.ar\/es\/..\/wp-content\/2010\/10\/feria-insituto451.jpg\"><img loading=\"lazy\" decoding=\"async\" class=\"aligncenter size-full wp-image-1867\" title=\"feria-insituto45\" src=\"http:\/\/www.jucumnorte.com.ar\/es\/..\/wp-content\/2010\/10\/feria-insituto451.jpg\" alt=\"\" width=\"540\" height=\"360\" srcset=\"https:\/\/www.jucumnorte.com.ar\/es\/wp-content\/uploads\/2010\/10\/feria-insituto451.jpg 900w, https:\/\/www.jucumnorte.com.ar\/es\/wp-content\/uploads\/2010\/10\/feria-insituto451-300x200.jpg 300w\" sizes=\"auto, (max-width: 540px) 100vw, 540px\" \/><\/a><\/p>\n<p>En el mes de septiembre, en nuestro Instituto Nueva Generaci\u00f3n en donde tenemos alumno de salas de 4 a\u00f1os hasta 6to grado, tuvimos nuestra Feria de Naciones, en conmemoraci\u00f3n al 04 de septiembre, D\u00eda del Inmigrante.<br \/>\nEn este a\u00f1o hemos representado a 8 pa\u00edses: Argentina, Per\u00fa, Uruguay, Sud\u00e1frica, Ucrania, Grecia, Jap\u00f3n y Australia.<br \/>\nEl objetivo de esta celebraci\u00f3n es poder resaltar la belleza y ex\u00f3tico de cada naci\u00f3n. Tambi\u00e9n para que cada unos de nuestra comunidad educativa, sea parte en conocer con quien convivimos en nuestro mundo y en poder interceder por cada una de ellas.<\/p>\n<p style=\"text-align: center;\"><a href=\"http:\/\/www.jucumnorte.com.ar\/es\/..\/wp-content\/2010\/10\/feria-insituto44.jpg\"><img loading=\"lazy\" decoding=\"async\" class=\"aligncenter size-full wp-image-1868\" title=\"feria-insituto44\" src=\"http:\/\/www.jucumnorte.com.ar\/es\/..\/wp-content\/2010\/10\/feria-insituto44.jpg\" alt=\"\" width=\"540\" height=\"360\" srcset=\"https:\/\/www.jucumnorte.com.ar\/es\/wp-content\/uploads\/2010\/10\/feria-insituto44.jpg 900w, https:\/\/www.jucumnorte.com.ar\/es\/wp-content\/uploads\/2010\/10\/feria-insituto44-300x200.jpg 300w\" sizes=\"auto, (max-width: 540px) 100vw, 540px\" \/><\/a><\/p>\n<p style=\"text-align: center;\"><a href=\"http:\/\/www.jucumnorte.com.ar\/es\/..\/wp-content\/2010\/10\/feria-insituto42.jpg\"><img loading=\"lazy\" decoding=\"async\" class=\"aligncenter size-full wp-image-1869\" title=\"feria-insituto42\" src=\"http:\/\/www.jucumnorte.com.ar\/es\/..\/wp-content\/2010\/10\/feria-insituto42.jpg\" alt=\"\" width=\"540\" height=\"360\" srcset=\"https:\/\/www.jucumnorte.com.ar\/es\/wp-content\/uploads\/2010\/10\/feria-insituto42.jpg 900w, https:\/\/www.jucumnorte.com.ar\/es\/wp-content\/uploads\/2010\/10\/feria-insituto42-300x200.jpg 300w\" sizes=\"auto, (max-width: 540px) 100vw, 540px\" \/><\/a><\/p>\n<p style=\"text-align: center;\"><a href=\"http:\/\/www.jucumnorte.com.ar\/es\/..\/wp-content\/2010\/10\/ferina-instituto23.jpg\"><img loading=\"lazy\" decoding=\"async\" class=\"aligncenter size-full wp-image-1870\" title=\"ferina-instituto23\" src=\"http:\/\/www.jucumnorte.com.ar\/es\/..\/wp-content\/2010\/10\/ferina-instituto23.jpg\" alt=\"\" width=\"540\" height=\"360\" srcset=\"https:\/\/www.jucumnorte.com.ar\/es\/wp-content\/uploads\/2010\/10\/ferina-instituto23.jpg 900w, https:\/\/www.jucumnorte.com.ar\/es\/wp-content\/uploads\/2010\/10\/ferina-instituto23-300x200.jpg 300w\" sizes=\"auto, (max-width: 540px) 100vw, 540px\" \/><\/a><\/p>\n","protected":false},"excerpt":{"rendered":"<p>En el mes de septiembre, en nuestro Instituto Nueva Generaci\u00f3n en donde tenemos alumno de salas de 4 a\u00f1os hasta 6to grado, tuvimos nuestra Feria de Naciones, en conmemoraci\u00f3n al 04 de septiembre, D\u00eda del Inmigrante. En este a\u00f1o hemos representado a 8 pa\u00edses: Argentina, Per\u00fa, Uruguay, Sud\u00e1frica, Ucrania, Grecia, Jap\u00f3n y Australia. El objetivo [&hellip;]<\/p>\n","protected":false},"author":1,"featured_media":0,"comment_status":"closed","ping_status":"open","sticky":false,"template":"","format":"standard","meta":{"footnotes":""},"categories":[1],"tags":[],"class_list":["post-1865","post","type-post","status-publish","format-standard","hentry","category-noticias"],"_links":{"self":[{"href":"https:\/\/www.jucumnorte.com.ar\/es\/wp-json\/wp\/v2\/posts\/1865","targetHints":{"allow":["GET"]}}],"collection":[{"href":"https:\/\/www.jucumnorte.com.ar\/es\/wp-json\/wp\/v2\/posts"}],"about":[{"href":"https:\/\/www.jucumnorte.com.ar\/es\/wp-json\/wp\/v2\/types\/post"}],"author":[{"embeddable":true,"href":"https:\/\/www.jucumnorte.com.ar\/es\/wp-json\/wp\/v2\/users\/1"}],"replies":[{"embeddable":true,"href":"https:\/\/www.jucumnorte.com.ar\/es\/wp-json\/wp\/v2\/comments?post=1865"}],"version-history":[{"count":0,"href":"https:\/\/www.jucumnorte.com.ar\/es\/wp-json\/wp\/v2\/posts\/1865\/revisions"}],"wp:attachment":[{"href":"https:\/\/www.jucumnorte.com.ar\/es\/wp-json\/wp\/v2\/media?parent=1865"}],"wp:term":[{"taxonomy":"category","embeddable":true,"href":"https:\/\/www.jucumnorte.com.ar\/es\/wp-json\/wp\/v2\/categories?post=1865"},{"taxonomy":"post_tag","embeddable":true,"href":"https:\/\/www.jucumnorte.com.ar\/es\/wp-json\/wp\/v2\/tags?post=1865"}],"curies":[{"name":"wp","href":"https:\/\/api.w.org\/{rel}","templated":true}]}}