{"id":1889,"date":"2010-11-05T11:07:06","date_gmt":"2010-11-05T14:07:06","guid":{"rendered":"http:\/\/www.jucumnorte.com.ar\/es\/?p=1889"},"modified":"2010-11-05T11:12:04","modified_gmt":"2010-11-05T14:12:04","slug":"la-llama-sigue-avanzando","status":"publish","type":"post","link":"https:\/\/www.jucumnorte.com.ar\/es\/la-llama-sigue-avanzando\/","title":{"rendered":"la llama sigue avanzando"},"content":{"rendered":"<p style=\"text-align: center;\"><a href=\"http:\/\/www.jucumnorte.com.ar\/es\/..\/wp-content\/2010\/11\/retiro04.jpg\"><img loading=\"lazy\" decoding=\"async\" class=\"aligncenter size-full wp-image-1890\" title=\"retiro04\" src=\"http:\/\/www.jucumnorte.com.ar\/es\/..\/wp-content\/2010\/11\/retiro04.jpg\" alt=\"\" width=\"448\" height=\"299\" srcset=\"https:\/\/www.jucumnorte.com.ar\/es\/wp-content\/uploads\/2010\/11\/retiro04.jpg 448w, https:\/\/www.jucumnorte.com.ar\/es\/wp-content\/uploads\/2010\/11\/retiro04-300x200.jpg 300w\" sizes=\"auto, (max-width: 448px) 100vw, 448px\" \/><\/a><em><br \/>\nTiempo de alabanza<\/em><\/p>\n<p style=\"text-align: center;\"><a href=\"http:\/\/www.jucumnorte.com.ar\/es\/..\/wp-content\/2010\/11\/retiro051.jpg\"><img loading=\"lazy\" decoding=\"async\" class=\"aligncenter size-full wp-image-1898\" title=\"retiro05\" src=\"http:\/\/www.jucumnorte.com.ar\/es\/..\/wp-content\/2010\/11\/retiro051.jpg\" alt=\"\" width=\"448\" height=\"299\" srcset=\"https:\/\/www.jucumnorte.com.ar\/es\/wp-content\/uploads\/2010\/11\/retiro051.jpg 448w, https:\/\/www.jucumnorte.com.ar\/es\/wp-content\/uploads\/2010\/11\/retiro051-300x200.jpg 300w\" sizes=\"auto, (max-width: 448px) 100vw, 448px\" \/><\/a><em><br \/>\nIntercediendo sobre una mapa del mundo.<\/em><\/p>\n<p style=\"text-align: center;\">Del 24 al 26 de Octubre, tuvimos la bendici\u00f3n de poder viajar como base y ser parte de la celebraci\u00f3n de los 50 a\u00f1os de JuCUM internacional, los cuales se realizaron en la base de Ituzaingo, Buenos Aires. Con el lema \u201cla llama sigue avanzando\u201d nos gozamos, junto a mas de 500 obreros y estudiantes de las 12 bases de JuCUM Argentina, con la presencia de Loren y Darlene Cunningham, los fundadores de Juventud Con Una Misi\u00f3n, quienes est\u00e1n viajando alrededor del mundo para poder festejar estos 50 a\u00f1os que Dios nos ha sostenido desde que empezamos en el a\u00f1o 1960. Fue un tiempo hermoso donde compartimos lo que Dios ha hecho en todos estos a\u00f1os, lo que El est\u00e1 haciendo alrededor del mundo hoy, los desaf\u00edos que hay y tambi\u00e9n hacia donde El nos est\u00e1 llevando para los pr\u00f3ximos 50 a\u00f1os como misi\u00f3n.<\/p>\n<p style=\"text-align: center;\"><a href=\"http:\/\/www.jucumnorte.com.ar\/es\/..\/wp-content\/2010\/11\/retiro011.jpg\"><img loading=\"lazy\" decoding=\"async\" class=\"aligncenter size-full wp-image-1892\" title=\"retiro01\" src=\"http:\/\/www.jucumnorte.com.ar\/es\/..\/wp-content\/2010\/11\/retiro011.jpg\" alt=\"\" width=\"448\" height=\"299\" srcset=\"https:\/\/www.jucumnorte.com.ar\/es\/wp-content\/uploads\/2010\/11\/retiro011.jpg 448w, https:\/\/www.jucumnorte.com.ar\/es\/wp-content\/uploads\/2010\/11\/retiro011-300x200.jpg 300w\" sizes=\"auto, (max-width: 448px) 100vw, 448px\" \/><\/a><em><br \/>\nPreparacion para la ceremonia de apertura<\/em>.<\/p>\n<p style=\"text-align: center;\"><a href=\"http:\/\/www.jucumnorte.com.ar\/es\/..\/wp-content\/2010\/11\/retiro031.jpg\"><img loading=\"lazy\" decoding=\"async\" class=\"aligncenter size-full wp-image-1893\" title=\"retiro03\" src=\"http:\/\/www.jucumnorte.com.ar\/es\/..\/wp-content\/2010\/11\/retiro031.jpg\" alt=\"\" width=\"448\" height=\"299\" srcset=\"https:\/\/www.jucumnorte.com.ar\/es\/wp-content\/uploads\/2010\/11\/retiro031.jpg 448w, https:\/\/www.jucumnorte.com.ar\/es\/wp-content\/uploads\/2010\/11\/retiro031-300x200.jpg 300w\" sizes=\"auto, (max-width: 448px) 100vw, 448px\" \/><\/a><em><br \/>\nLa ceremonia de apertura con 2 estatuas de fuego.<\/em><\/p>\n<p style=\"text-align: center;\"><a href=\"http:\/\/www.jucumnorte.com.ar\/es\/..\/wp-content\/2010\/11\/retiro061.jpg\"><img loading=\"lazy\" decoding=\"async\" class=\"aligncenter size-full wp-image-1895\" title=\"retiro06\" src=\"http:\/\/www.jucumnorte.com.ar\/es\/..\/wp-content\/2010\/11\/retiro061.jpg\" alt=\"\" width=\"448\" height=\"299\" srcset=\"https:\/\/www.jucumnorte.com.ar\/es\/wp-content\/uploads\/2010\/11\/retiro061.jpg 448w, https:\/\/www.jucumnorte.com.ar\/es\/wp-content\/uploads\/2010\/11\/retiro061-300x200.jpg 300w\" sizes=\"auto, (max-width: 448px) 100vw, 448px\" \/><\/a><em><br \/>\nFirmando el registro JuCUMero<\/em><\/p>\n<p style=\"text-align: center;\">Luego del 26 al 29 de Octubre, todos juntos en ese mismo lugar realizamos nuestro retiro nacional de JuCUM Argentina, compartiendo plenarias, tiempos de alabanza, talleres y grupos afines. Vimos a Dios en cada detalle, desafi\u00e1ndonos a una mayor intimidad con \u00e9l, a ser radical para poder alcanzar a este mundo y a seguir uni\u00e9ndonos como cuerpo, trabajando juntos con un mismo fin: Alcanzando a toda la sociedad para que conozcan a Dios.\u00a0 Vimos su mano de provisi\u00f3n en la rica comida de todos los d\u00edas y las finanzas que cada base necesitaba para poder pagar y regresar a sus lugares. Sin duda nuestro Dios es GRANDE!<\/p>\n<p style=\"text-align: center;\"><a href=\"http:\/\/www.jucumnorte.com.ar\/es\/..\/wp-content\/2010\/11\/retiro021.jpg\"><img loading=\"lazy\" decoding=\"async\" class=\"aligncenter size-full wp-image-1894\" title=\"retiro02\" src=\"http:\/\/www.jucumnorte.com.ar\/es\/..\/wp-content\/2010\/11\/retiro021.jpg\" alt=\"\" width=\"448\" height=\"299\" srcset=\"https:\/\/www.jucumnorte.com.ar\/es\/wp-content\/uploads\/2010\/11\/retiro021.jpg 448w, https:\/\/www.jucumnorte.com.ar\/es\/wp-content\/uploads\/2010\/11\/retiro021-300x200.jpg 300w\" sizes=\"auto, (max-width: 448px) 100vw, 448px\" \/><\/a><em><br \/>\nTraduccion durante la plenaria<\/em><\/p>\n<p style=\"text-align: center;\"><a href=\"http:\/\/www.jucumnorte.com.ar\/es\/..\/wp-content\/2010\/11\/retiro071.jpg\"><img loading=\"lazy\" decoding=\"async\" class=\"aligncenter size-full wp-image-1896\" title=\"retiro07\" src=\"http:\/\/www.jucumnorte.com.ar\/es\/..\/wp-content\/2010\/11\/retiro071.jpg\" alt=\"\" width=\"448\" height=\"299\" srcset=\"https:\/\/www.jucumnorte.com.ar\/es\/wp-content\/uploads\/2010\/11\/retiro071.jpg 448w, https:\/\/www.jucumnorte.com.ar\/es\/wp-content\/uploads\/2010\/11\/retiro071-300x200.jpg 300w\" sizes=\"auto, (max-width: 448px) 100vw, 448px\" \/><\/a><em><br \/>\nLoren compartiendo con los ni\u00f1os<\/em><\/p>\n<p style=\"text-align: center;\"><a href=\"http:\/\/www.jucumnorte.com.ar\/es\/..\/wp-content\/2010\/11\/retiro091.jpg\"><img loading=\"lazy\" decoding=\"async\" class=\"aligncenter size-full wp-image-1897\" title=\"retiro09\" src=\"http:\/\/www.jucumnorte.com.ar\/es\/..\/wp-content\/2010\/11\/retiro091.jpg\" alt=\"\" width=\"448\" height=\"299\" srcset=\"https:\/\/www.jucumnorte.com.ar\/es\/wp-content\/uploads\/2010\/11\/retiro091.jpg 448w, https:\/\/www.jucumnorte.com.ar\/es\/wp-content\/uploads\/2010\/11\/retiro091-300x200.jpg 300w\" sizes=\"auto, (max-width: 448px) 100vw, 448px\" \/><\/a><em><br \/>\nReflejando sobre lo compartido<\/em><\/p>\n<p style=\"text-align: center;\"><a href=\"http:\/\/www.jucumnorte.com.ar\/es\/..\/wp-content\/2010\/11\/retiro081.jpg\"><img loading=\"lazy\" decoding=\"async\" class=\"aligncenter size-full wp-image-1899\" title=\"retiro08\" src=\"http:\/\/www.jucumnorte.com.ar\/es\/..\/wp-content\/2010\/11\/retiro081.jpg\" alt=\"\" width=\"640\" height=\"427\" srcset=\"https:\/\/www.jucumnorte.com.ar\/es\/wp-content\/uploads\/2010\/11\/retiro081.jpg 640w, https:\/\/www.jucumnorte.com.ar\/es\/wp-content\/uploads\/2010\/11\/retiro081-300x200.jpg 300w\" sizes=\"auto, (max-width: 640px) 100vw, 640px\" \/><\/a><em><br \/>\nNuestra base entera junto a los Cunningham y los directores de JuCUM Argentina, Alejandro y Marta Rodrigues<\/em><\/p>\n","protected":false},"excerpt":{"rendered":"<p>Tiempo de alabanza Intercediendo sobre una mapa del mundo. Del 24 al 26 de Octubre, tuvimos la bendici\u00f3n de poder viajar como base y ser parte de la celebraci\u00f3n de los 50 a\u00f1os de JuCUM internacional, los cuales se realizaron en la base de Ituzaingo, Buenos Aires. Con el lema \u201cla llama sigue avanzando\u201d nos [&hellip;]<\/p>\n","protected":false},"author":1,"featured_media":0,"comment_status":"closed","ping_status":"open","sticky":false,"template":"","format":"standard","meta":{"footnotes":""},"categories":[1],"tags":[],"class_list":["post-1889","post","type-post","status-publish","format-standard","hentry","category-noticias"],"_links":{"self":[{"href":"https:\/\/www.jucumnorte.com.ar\/es\/wp-json\/wp\/v2\/posts\/1889","targetHints":{"allow":["GET"]}}],"collection":[{"href":"https:\/\/www.jucumnorte.com.ar\/es\/wp-json\/wp\/v2\/posts"}],"about":[{"href":"https:\/\/www.jucumnorte.com.ar\/es\/wp-json\/wp\/v2\/types\/post"}],"author":[{"embeddable":true,"href":"https:\/\/www.jucumnorte.com.ar\/es\/wp-json\/wp\/v2\/users\/1"}],"replies":[{"embeddable":true,"href":"https:\/\/www.jucumnorte.com.ar\/es\/wp-json\/wp\/v2\/comments?post=1889"}],"version-history":[{"count":0,"href":"https:\/\/www.jucumnorte.com.ar\/es\/wp-json\/wp\/v2\/posts\/1889\/revisions"}],"wp:attachment":[{"href":"https:\/\/www.jucumnorte.com.ar\/es\/wp-json\/wp\/v2\/media?parent=1889"}],"wp:term":[{"taxonomy":"category","embeddable":true,"href":"https:\/\/www.jucumnorte.com.ar\/es\/wp-json\/wp\/v2\/categories?post=1889"},{"taxonomy":"post_tag","embeddable":true,"href":"https:\/\/www.jucumnorte.com.ar\/es\/wp-json\/wp\/v2\/tags?post=1889"}],"curies":[{"name":"wp","href":"https:\/\/api.w.org\/{rel}","templated":true}]}}