{"id":1933,"date":"2010-11-24T11:09:02","date_gmt":"2010-11-24T14:09:02","guid":{"rendered":"http:\/\/www.jucumnorte.com.ar\/es\/?p=1933"},"modified":"2010-11-24T11:18:11","modified_gmt":"2010-11-24T14:18:11","slug":"fusionraza-2010","status":"publish","type":"post","link":"https:\/\/www.jucumnorte.com.ar\/es\/fusionraza-2010\/","title":{"rendered":"FusionRaza 2010"},"content":{"rendered":"<p><a href=\"http:\/\/www.jucumnorte.com.ar\/es\/..\/wp-content\/2010\/11\/promo-desfile-2010.jpg\"><img loading=\"lazy\" decoding=\"async\" class=\"aligncenter size-full wp-image-1934\" title=\"promo desfile 2010\" src=\"http:\/\/www.jucumnorte.com.ar\/es\/..\/wp-content\/2010\/11\/promo-desfile-2010.jpg\" alt=\"\" width=\"480\" height=\"509\" srcset=\"https:\/\/www.jucumnorte.com.ar\/es\/wp-content\/uploads\/2010\/11\/promo-desfile-2010.jpg 480w, https:\/\/www.jucumnorte.com.ar\/es\/wp-content\/uploads\/2010\/11\/promo-desfile-2010-282x300.jpg 282w\" sizes=\"auto, (max-width: 480px) 100vw, 480px\" \/><\/a><\/p>\n<p>Estamos a una semana de nuestro tercer desfile de moda y arte. Este a\u00f1o estar\u00edamos realizando el desfile el viernes 3 de Diciembre en la ciudad de Resistencia (Chaco), junto al ministerio \u2018Misiones Mundiales\u2019 en Av. Castelli 314.<\/p>\n<p>Ser\u00e1 una noche de espect\u00e1culo donde podr\u00edan disfrutar de nuevos dise\u00f1os, presentaciones art\u00edsticas y buena m\u00fasica. Este a\u00f1o hemos tomado al pa\u00eds de Hait\u00ed como inspiraci\u00f3n por los dise\u00f1os que Hakamiah Galeano, nuestra dise\u00f1adora, ha creado y nos gozamos que parte de lo recaudado ser\u00e1 a beneficio de Hait\u00ed. Est\u00e1n todos invitados\u2026 no se pierdan la oportunidad de ver la marca Fusi\u00f3nRaza en vivo en la \u00fanica presentaci\u00f3n del 2010!<\/p>\n","protected":false},"excerpt":{"rendered":"<p>Estamos a una semana de nuestro tercer desfile de moda y arte. Este a\u00f1o estar\u00edamos realizando el desfile el viernes 3 de Diciembre en la ciudad de Resistencia (Chaco), junto al ministerio \u2018Misiones Mundiales\u2019 en Av. Castelli 314. Ser\u00e1 una noche de espect\u00e1culo donde podr\u00edan disfrutar de nuevos dise\u00f1os, presentaciones art\u00edsticas y buena m\u00fasica. Este [&hellip;]<\/p>\n","protected":false},"author":1,"featured_media":0,"comment_status":"closed","ping_status":"open","sticky":false,"template":"","format":"standard","meta":{"footnotes":""},"categories":[1],"tags":[],"class_list":["post-1933","post","type-post","status-publish","format-standard","hentry","category-noticias"],"_links":{"self":[{"href":"https:\/\/www.jucumnorte.com.ar\/es\/wp-json\/wp\/v2\/posts\/1933","targetHints":{"allow":["GET"]}}],"collection":[{"href":"https:\/\/www.jucumnorte.com.ar\/es\/wp-json\/wp\/v2\/posts"}],"about":[{"href":"https:\/\/www.jucumnorte.com.ar\/es\/wp-json\/wp\/v2\/types\/post"}],"author":[{"embeddable":true,"href":"https:\/\/www.jucumnorte.com.ar\/es\/wp-json\/wp\/v2\/users\/1"}],"replies":[{"embeddable":true,"href":"https:\/\/www.jucumnorte.com.ar\/es\/wp-json\/wp\/v2\/comments?post=1933"}],"version-history":[{"count":0,"href":"https:\/\/www.jucumnorte.com.ar\/es\/wp-json\/wp\/v2\/posts\/1933\/revisions"}],"wp:attachment":[{"href":"https:\/\/www.jucumnorte.com.ar\/es\/wp-json\/wp\/v2\/media?parent=1933"}],"wp:term":[{"taxonomy":"category","embeddable":true,"href":"https:\/\/www.jucumnorte.com.ar\/es\/wp-json\/wp\/v2\/categories?post=1933"},{"taxonomy":"post_tag","embeddable":true,"href":"https:\/\/www.jucumnorte.com.ar\/es\/wp-json\/wp\/v2\/tags?post=1933"}],"curies":[{"name":"wp","href":"https:\/\/api.w.org\/{rel}","templated":true}]}}