{"id":1949,"date":"2010-12-06T17:03:59","date_gmt":"2010-12-06T20:03:59","guid":{"rendered":"http:\/\/www.jucumnorte.com.ar\/es\/?p=1949"},"modified":"2010-12-06T17:07:23","modified_gmt":"2010-12-06T20:07:23","slug":"cena-show","status":"publish","type":"post","link":"https:\/\/www.jucumnorte.com.ar\/es\/cena-show\/","title":{"rendered":"Cena Show"},"content":{"rendered":"<div><a href=\"http:\/\/www.jucumnorte.com.ar\/es\/..\/wp-content\/2010\/12\/cenashow19.jpg\"><img loading=\"lazy\" decoding=\"async\" class=\"aligncenter size-full wp-image-1950\" title=\"cenashow19\" src=\"http:\/\/www.jucumnorte.com.ar\/es\/..\/wp-content\/2010\/12\/cenashow19.jpg\" alt=\"\" width=\"448\" height=\"299\" srcset=\"https:\/\/www.jucumnorte.com.ar\/es\/wp-content\/uploads\/2010\/12\/cenashow19.jpg 448w, https:\/\/www.jucumnorte.com.ar\/es\/wp-content\/uploads\/2010\/12\/cenashow19-300x200.jpg 300w\" sizes=\"auto, (max-width: 448px) 100vw, 448px\" \/><\/a><\/div>\n<div><span style=\"font-family: 'times new roman','new york',times,serif; font-size: medium;\">El Instituto Nueva Generaci\u00f3n no es solo una sede educativa, sino una gran familia, mirando <\/span><span style=\"font-family: 'times new roman','new york',times,serif;\">atr\u00e1s<\/span><span style=\"font-family: 'times new roman','new york',times,serif; font-size: medium;\"> todos los sue\u00f1os que Dios esta cumpliendo con nuestros ni\u00f1os y familias desde el a\u00f1o 2005 hasta el <\/span><span style=\"font-family: 'times new roman','new york',times,serif;\">d\u00eda<\/span><span style=\"font-family: 'times new roman','new york',times,serif; font-size: medium;\"> de la fecha vemos y agradecemos a Dios por su Fidelidad.<\/span><\/div>\n<div><span style=\"font-family: 'times new roman','new york',times,serif;\">Es por esto que el\u00a0d\u00eda\u00a020\/11 realizamos nuestra primera cena show \u00abInvirtiendo en el futuro\u00bb, con el objetivo de tener nuestro terreno propio para la\u00a0Instituci\u00f3n. Fue una noche especial, en donde padres, abuelos, amigos y familias pudimos compartir recuerdos a\u00a0trav\u00e9s\u00a0de fotos y\u00a0v\u00eddeos, buena\u00a0m\u00fasica, arte y comida.Fue un tiempo muy especial para  poder agradecer a los docentes, administrativos,directores,\u00a0alumnos, propietarios, etc para poder agradecer a Dios y comprometernos a seguir por mas.<\/span><\/div>\n<div><span style=\"font-family: 'times new roman','new york',times,serif;\"><a href=\"http:\/\/www.jucumnorte.com.ar\/es\/..\/wp-content\/2010\/12\/cenashow17.jpg\"><img loading=\"lazy\" decoding=\"async\" class=\"aligncenter size-full wp-image-1951\" title=\"cenashow17\" src=\"http:\/\/www.jucumnorte.com.ar\/es\/..\/wp-content\/2010\/12\/cenashow17.jpg\" alt=\"\" width=\"448\" height=\"299\" srcset=\"https:\/\/www.jucumnorte.com.ar\/es\/wp-content\/uploads\/2010\/12\/cenashow17.jpg 448w, https:\/\/www.jucumnorte.com.ar\/es\/wp-content\/uploads\/2010\/12\/cenashow17-300x200.jpg 300w\" sizes=\"auto, (max-width: 448px) 100vw, 448px\" \/><\/a><\/span><\/div>\n<div><\/div>\n<div><span style=\"font-family: 'times new roman','new york',times,serif;\"><a href=\"http:\/\/www.jucumnorte.com.ar\/es\/..\/wp-content\/2010\/12\/cenashow15.jpg\"><img loading=\"lazy\" decoding=\"async\" class=\"aligncenter size-full wp-image-1952\" title=\"cenashow15\" src=\"http:\/\/www.jucumnorte.com.ar\/es\/..\/wp-content\/2010\/12\/cenashow15.jpg\" alt=\"\" width=\"299\" height=\"448\" srcset=\"https:\/\/www.jucumnorte.com.ar\/es\/wp-content\/uploads\/2010\/12\/cenashow15.jpg 299w, https:\/\/www.jucumnorte.com.ar\/es\/wp-content\/uploads\/2010\/12\/cenashow15-200x300.jpg 200w\" sizes=\"auto, (max-width: 299px) 100vw, 299px\" \/><\/a><\/span><\/div>\n<div><\/div>\n<div><span style=\"font-family: 'times new roman','new york',times,serif;\"><a href=\"http:\/\/www.jucumnorte.com.ar\/es\/..\/wp-content\/2010\/12\/cenashow21.jpg\"><img loading=\"lazy\" decoding=\"async\" class=\"aligncenter size-full wp-image-1953\" title=\"cenashow21\" src=\"http:\/\/www.jucumnorte.com.ar\/es\/..\/wp-content\/2010\/12\/cenashow21.jpg\" alt=\"\" width=\"448\" height=\"299\" srcset=\"https:\/\/www.jucumnorte.com.ar\/es\/wp-content\/uploads\/2010\/12\/cenashow21.jpg 448w, https:\/\/www.jucumnorte.com.ar\/es\/wp-content\/uploads\/2010\/12\/cenashow21-300x200.jpg 300w\" sizes=\"auto, (max-width: 448px) 100vw, 448px\" \/><\/a><br \/>\n<\/span><\/div>\n","protected":false},"excerpt":{"rendered":"<p>El Instituto Nueva Generaci\u00f3n no es solo una sede educativa, sino una gran familia, mirando atr\u00e1s todos los sue\u00f1os que Dios esta cumpliendo con nuestros ni\u00f1os y familias desde el a\u00f1o 2005 hasta el d\u00eda de la fecha vemos y agradecemos a Dios por su Fidelidad. Es por esto que el\u00a0d\u00eda\u00a020\/11 realizamos nuestra primera cena [&hellip;]<\/p>\n","protected":false},"author":1,"featured_media":0,"comment_status":"closed","ping_status":"open","sticky":false,"template":"","format":"standard","meta":{"footnotes":""},"categories":[1],"tags":[],"class_list":["post-1949","post","type-post","status-publish","format-standard","hentry","category-noticias"],"_links":{"self":[{"href":"https:\/\/www.jucumnorte.com.ar\/es\/wp-json\/wp\/v2\/posts\/1949","targetHints":{"allow":["GET"]}}],"collection":[{"href":"https:\/\/www.jucumnorte.com.ar\/es\/wp-json\/wp\/v2\/posts"}],"about":[{"href":"https:\/\/www.jucumnorte.com.ar\/es\/wp-json\/wp\/v2\/types\/post"}],"author":[{"embeddable":true,"href":"https:\/\/www.jucumnorte.com.ar\/es\/wp-json\/wp\/v2\/users\/1"}],"replies":[{"embeddable":true,"href":"https:\/\/www.jucumnorte.com.ar\/es\/wp-json\/wp\/v2\/comments?post=1949"}],"version-history":[{"count":0,"href":"https:\/\/www.jucumnorte.com.ar\/es\/wp-json\/wp\/v2\/posts\/1949\/revisions"}],"wp:attachment":[{"href":"https:\/\/www.jucumnorte.com.ar\/es\/wp-json\/wp\/v2\/media?parent=1949"}],"wp:term":[{"taxonomy":"category","embeddable":true,"href":"https:\/\/www.jucumnorte.com.ar\/es\/wp-json\/wp\/v2\/categories?post=1949"},{"taxonomy":"post_tag","embeddable":true,"href":"https:\/\/www.jucumnorte.com.ar\/es\/wp-json\/wp\/v2\/tags?post=1949"}],"curies":[{"name":"wp","href":"https:\/\/api.w.org\/{rel}","templated":true}]}}