{"id":1957,"date":"2010-12-08T00:58:58","date_gmt":"2010-12-08T03:58:58","guid":{"rendered":"http:\/\/www.jucumnorte.com.ar\/es\/?p=1957"},"modified":"2010-12-08T00:58:58","modified_gmt":"2010-12-08T03:58:58","slug":"cierre-de-2010","status":"publish","type":"post","link":"https:\/\/www.jucumnorte.com.ar\/es\/cierre-de-2010\/","title":{"rendered":"Cierre de 2010"},"content":{"rendered":"<p><a href=\"http:\/\/www.jucumnorte.com.ar\/es\/..\/wp-content\/2010\/12\/findela\u00f1o-instituto05.jpg\"><img loading=\"lazy\" decoding=\"async\" class=\"aligncenter size-full wp-image-1959\" title=\"findela\u00f1o-instituto05\" src=\"http:\/\/www.jucumnorte.com.ar\/es\/..\/wp-content\/2010\/12\/findela\u00f1o-instituto05.jpg\" alt=\"\" width=\"448\" height=\"299\" srcset=\"https:\/\/www.jucumnorte.com.ar\/es\/wp-content\/uploads\/2010\/12\/findela\u00f1o-instituto05.jpg 448w, https:\/\/www.jucumnorte.com.ar\/es\/wp-content\/uploads\/2010\/12\/findela\u00f1o-instituto05-300x200.jpg 300w\" sizes=\"auto, (max-width: 448px) 100vw, 448px\" \/><\/a><\/p>\n<p><a href=\"http:\/\/www.jucumnorte.com.ar\/es\/..\/wp-content\/2010\/12\/findela\u00f1o-instituto09.jpg\"><img loading=\"lazy\" decoding=\"async\" class=\"aligncenter size-full wp-image-1962\" title=\"findela\u00f1o-instituto09\" src=\"http:\/\/www.jucumnorte.com.ar\/es\/..\/wp-content\/2010\/12\/findela\u00f1o-instituto09.jpg\" alt=\"\" width=\"448\" height=\"299\" srcset=\"https:\/\/www.jucumnorte.com.ar\/es\/wp-content\/uploads\/2010\/12\/findela\u00f1o-instituto09.jpg 448w, https:\/\/www.jucumnorte.com.ar\/es\/wp-content\/uploads\/2010\/12\/findela\u00f1o-instituto09-300x200.jpg 300w\" sizes=\"auto, (max-width: 448px) 100vw, 448px\" \/><\/a><\/p>\n<p>El lunes 6 de Diciembre tuvimos la oportunidad como Instituto Privado \u2018Nueva Generaci\u00f3n\u2019 de celebrar nuestro acto de cierre del ciclo lectivo, junto a alumnos, padres, familiares, maestras e invitados especiales pudimos ser testigo de la fidelidad de Dios en sostenernos mientras que atravesamos otro a\u00f1o como instituto. En medio de mucha alegr\u00eda al culminar este a\u00f1o Lectivo, \u00a0los alumnos tuvieron la entrega de sus libretas y certificados . Tambi\u00e9n gozamos con la presencia del equipo de arte y su comedia musical infantil \u2018Welandia\u2019 para traer un poco de diversi\u00f3n y entretenimiento a la noche. Terminamos este a\u00f1o con muchas expectativas con lo que Dios va hacer en el siguiente a\u00f1o 2011!<\/p>\n<p><a href=\"http:\/\/www.jucumnorte.com.ar\/es\/..\/wp-content\/2010\/12\/findela\u00f1o-instituto301.jpg\"><img loading=\"lazy\" decoding=\"async\" class=\"aligncenter size-full wp-image-1960\" title=\"findela\u00f1o-instituto30\" src=\"http:\/\/www.jucumnorte.com.ar\/es\/..\/wp-content\/2010\/12\/findela\u00f1o-instituto301.jpg\" alt=\"\" width=\"448\" height=\"299\" srcset=\"https:\/\/www.jucumnorte.com.ar\/es\/wp-content\/uploads\/2010\/12\/findela\u00f1o-instituto301.jpg 448w, https:\/\/www.jucumnorte.com.ar\/es\/wp-content\/uploads\/2010\/12\/findela\u00f1o-instituto301-300x200.jpg 300w\" sizes=\"auto, (max-width: 448px) 100vw, 448px\" \/><\/a><\/p>\n<p><a href=\"http:\/\/www.jucumnorte.com.ar\/es\/..\/wp-content\/2010\/12\/findela\u00f1o-instituto291.jpg\"><img loading=\"lazy\" decoding=\"async\" class=\"aligncenter size-full wp-image-1961\" title=\"findela\u00f1o-instituto29\" src=\"http:\/\/www.jucumnorte.com.ar\/es\/..\/wp-content\/2010\/12\/findela\u00f1o-instituto291.jpg\" alt=\"\" width=\"448\" height=\"299\" srcset=\"https:\/\/www.jucumnorte.com.ar\/es\/wp-content\/uploads\/2010\/12\/findela\u00f1o-instituto291.jpg 448w, https:\/\/www.jucumnorte.com.ar\/es\/wp-content\/uploads\/2010\/12\/findela\u00f1o-instituto291-300x200.jpg 300w\" sizes=\"auto, (max-width: 448px) 100vw, 448px\" \/><\/a><\/p>\n","protected":false},"excerpt":{"rendered":"<p>El lunes 6 de Diciembre tuvimos la oportunidad como Instituto Privado \u2018Nueva Generaci\u00f3n\u2019 de celebrar nuestro acto de cierre del ciclo lectivo, junto a alumnos, padres, familiares, maestras e invitados especiales pudimos ser testigo de la fidelidad de Dios en sostenernos mientras que atravesamos otro a\u00f1o como instituto. En medio de mucha alegr\u00eda al culminar [&hellip;]<\/p>\n","protected":false},"author":1,"featured_media":0,"comment_status":"closed","ping_status":"open","sticky":false,"template":"","format":"standard","meta":{"footnotes":""},"categories":[1],"tags":[],"class_list":["post-1957","post","type-post","status-publish","format-standard","hentry","category-noticias"],"_links":{"self":[{"href":"https:\/\/www.jucumnorte.com.ar\/es\/wp-json\/wp\/v2\/posts\/1957","targetHints":{"allow":["GET"]}}],"collection":[{"href":"https:\/\/www.jucumnorte.com.ar\/es\/wp-json\/wp\/v2\/posts"}],"about":[{"href":"https:\/\/www.jucumnorte.com.ar\/es\/wp-json\/wp\/v2\/types\/post"}],"author":[{"embeddable":true,"href":"https:\/\/www.jucumnorte.com.ar\/es\/wp-json\/wp\/v2\/users\/1"}],"replies":[{"embeddable":true,"href":"https:\/\/www.jucumnorte.com.ar\/es\/wp-json\/wp\/v2\/comments?post=1957"}],"version-history":[{"count":0,"href":"https:\/\/www.jucumnorte.com.ar\/es\/wp-json\/wp\/v2\/posts\/1957\/revisions"}],"wp:attachment":[{"href":"https:\/\/www.jucumnorte.com.ar\/es\/wp-json\/wp\/v2\/media?parent=1957"}],"wp:term":[{"taxonomy":"category","embeddable":true,"href":"https:\/\/www.jucumnorte.com.ar\/es\/wp-json\/wp\/v2\/categories?post=1957"},{"taxonomy":"post_tag","embeddable":true,"href":"https:\/\/www.jucumnorte.com.ar\/es\/wp-json\/wp\/v2\/tags?post=1957"}],"curies":[{"name":"wp","href":"https:\/\/api.w.org\/{rel}","templated":true}]}}