{"id":1964,"date":"2010-12-08T01:11:56","date_gmt":"2010-12-08T04:11:56","guid":{"rendered":"http:\/\/www.jucumnorte.com.ar\/es\/?p=1964"},"modified":"2010-12-08T01:15:52","modified_gmt":"2010-12-08T04:15:52","slug":"desfile-un-exito","status":"publish","type":"post","link":"https:\/\/www.jucumnorte.com.ar\/es\/desfile-un-exito\/","title":{"rendered":"Desfile un exito!"},"content":{"rendered":"<p><a href=\"http:\/\/www.jucumnorte.com.ar\/es\/..\/wp-content\/2010\/12\/fotosmoda1523.jpg\"><img loading=\"lazy\" decoding=\"async\" class=\"aligncenter size-full wp-image-1965\" title=\"fotosmoda1523\" src=\"http:\/\/www.jucumnorte.com.ar\/es\/..\/wp-content\/2010\/12\/fotosmoda1523.jpg\" alt=\"\" width=\"299\" height=\"448\" srcset=\"https:\/\/www.jucumnorte.com.ar\/es\/wp-content\/uploads\/2010\/12\/fotosmoda1523.jpg 299w, https:\/\/www.jucumnorte.com.ar\/es\/wp-content\/uploads\/2010\/12\/fotosmoda1523-200x300.jpg 200w\" sizes=\"auto, (max-width: 299px) 100vw, 299px\" \/><\/a><\/p>\n<p>Presentamos nuestro desfile anual de Moda y Arte el viernes 3 de Diciembre en la Iglesia de la Ciudad en Resistencia, Chaco. Fue un gozo poder compartir con la iglesia y tambi\u00e9n con el ministerio de\u2019 Misiones Mundiales\u2019 con quienes estuvimos organizando todo. Aparte de las dos pasadas de una dise\u00f1adora invitada, Fusi\u00f3nRaza tuvo m\u00e1s que 20 pasadas y cada uno de nuestras modelos brillaban con la alegr\u00eda del Se\u00f1or en la pasarela. Aparte de moda tuvimos presentaciones de m\u00fasica, coreograf\u00edas y tambi\u00e9n una presentaci\u00f3n de la banda \u2018Melodik\u2019. Fue una noche donde disfrutamos inmensamente. Recibimos muy buenas opiniones del publico que asisti\u00f3. Este a\u00f1o el desfile fue enfocado en el pa\u00eds de Hait\u00ed, con presentaciones en forma de video y con un profundo deseo de verle a ese pa\u00eds restaurado y renovado por la presencia de Dios. No olvidamos que nuestra identidad est\u00e1 en la cruz, como Dios nos formo, no en como los medios y los dise\u00f1adores nos muestran que tenemos que ser. Gracias Dios por tu creatividad que no tiene fin y que nos inspira a seguir creando!<\/p>\n<p><a href=\"http:\/\/www.jucumnorte.com.ar\/es\/..\/wp-content\/2010\/12\/fotosmoda0723.jpg\"><img loading=\"lazy\" decoding=\"async\" class=\"aligncenter size-full wp-image-1966\" title=\"fotosmoda0723\" src=\"http:\/\/www.jucumnorte.com.ar\/es\/..\/wp-content\/2010\/12\/fotosmoda0723.jpg\" alt=\"\" width=\"448\" height=\"299\" srcset=\"https:\/\/www.jucumnorte.com.ar\/es\/wp-content\/uploads\/2010\/12\/fotosmoda0723.jpg 448w, https:\/\/www.jucumnorte.com.ar\/es\/wp-content\/uploads\/2010\/12\/fotosmoda0723-300x200.jpg 300w\" sizes=\"auto, (max-width: 448px) 100vw, 448px\" \/><\/a><\/p>\n<p><a href=\"http:\/\/www.jucumnorte.com.ar\/es\/..\/wp-content\/2010\/12\/fotosmoda2723.jpg\"><img loading=\"lazy\" decoding=\"async\" class=\"aligncenter size-full wp-image-1967\" title=\"fotosmoda2723\" src=\"http:\/\/www.jucumnorte.com.ar\/es\/..\/wp-content\/2010\/12\/fotosmoda2723.jpg\" alt=\"\" width=\"448\" height=\"299\" srcset=\"https:\/\/www.jucumnorte.com.ar\/es\/wp-content\/uploads\/2010\/12\/fotosmoda2723.jpg 448w, https:\/\/www.jucumnorte.com.ar\/es\/wp-content\/uploads\/2010\/12\/fotosmoda2723-300x200.jpg 300w\" sizes=\"auto, (max-width: 448px) 100vw, 448px\" \/><\/a><\/p>\n<p><a href=\"http:\/\/www.jucumnorte.com.ar\/es\/..\/wp-content\/2010\/12\/fotosmoda3523.jpg\"><img loading=\"lazy\" decoding=\"async\" class=\"aligncenter size-full wp-image-1968\" title=\"fotosmoda3523\" src=\"http:\/\/www.jucumnorte.com.ar\/es\/..\/wp-content\/2010\/12\/fotosmoda3523.jpg\" alt=\"\" width=\"448\" height=\"299\" srcset=\"https:\/\/www.jucumnorte.com.ar\/es\/wp-content\/uploads\/2010\/12\/fotosmoda3523.jpg 448w, https:\/\/www.jucumnorte.com.ar\/es\/wp-content\/uploads\/2010\/12\/fotosmoda3523-300x200.jpg 300w\" sizes=\"auto, (max-width: 448px) 100vw, 448px\" \/><\/a><\/p>\n","protected":false},"excerpt":{"rendered":"<p>Presentamos nuestro desfile anual de Moda y Arte el viernes 3 de Diciembre en la Iglesia de la Ciudad en Resistencia, Chaco. Fue un gozo poder compartir con la iglesia y tambi\u00e9n con el ministerio de\u2019 Misiones Mundiales\u2019 con quienes estuvimos organizando todo. Aparte de las dos pasadas de una dise\u00f1adora invitada, Fusi\u00f3nRaza tuvo m\u00e1s [&hellip;]<\/p>\n","protected":false},"author":1,"featured_media":0,"comment_status":"closed","ping_status":"open","sticky":false,"template":"","format":"standard","meta":{"footnotes":""},"categories":[1],"tags":[],"class_list":["post-1964","post","type-post","status-publish","format-standard","hentry","category-noticias"],"_links":{"self":[{"href":"https:\/\/www.jucumnorte.com.ar\/es\/wp-json\/wp\/v2\/posts\/1964","targetHints":{"allow":["GET"]}}],"collection":[{"href":"https:\/\/www.jucumnorte.com.ar\/es\/wp-json\/wp\/v2\/posts"}],"about":[{"href":"https:\/\/www.jucumnorte.com.ar\/es\/wp-json\/wp\/v2\/types\/post"}],"author":[{"embeddable":true,"href":"https:\/\/www.jucumnorte.com.ar\/es\/wp-json\/wp\/v2\/users\/1"}],"replies":[{"embeddable":true,"href":"https:\/\/www.jucumnorte.com.ar\/es\/wp-json\/wp\/v2\/comments?post=1964"}],"version-history":[{"count":0,"href":"https:\/\/www.jucumnorte.com.ar\/es\/wp-json\/wp\/v2\/posts\/1964\/revisions"}],"wp:attachment":[{"href":"https:\/\/www.jucumnorte.com.ar\/es\/wp-json\/wp\/v2\/media?parent=1964"}],"wp:term":[{"taxonomy":"category","embeddable":true,"href":"https:\/\/www.jucumnorte.com.ar\/es\/wp-json\/wp\/v2\/categories?post=1964"},{"taxonomy":"post_tag","embeddable":true,"href":"https:\/\/www.jucumnorte.com.ar\/es\/wp-json\/wp\/v2\/tags?post=1964"}],"curies":[{"name":"wp","href":"https:\/\/api.w.org\/{rel}","templated":true}]}}