{"id":2006,"date":"2010-12-15T18:15:14","date_gmt":"2010-12-15T21:15:14","guid":{"rendered":"http:\/\/www.jucumnorte.com.ar\/es\/?p=2006"},"modified":"2010-12-15T18:54:29","modified_gmt":"2010-12-15T21:54:29","slug":"los-juxtlahuaca-mixtec-mexico","status":"publish","type":"post","link":"https:\/\/www.jucumnorte.com.ar\/es\/los-juxtlahuaca-mixtec-mexico\/","title":{"rendered":"Los Juxtlahuaca Mixtec &#8211; M\u00e9xico"},"content":{"rendered":"<p><a href=\"http:\/\/www.jucumnorte.com.ar\/es\/..\/wp-content\/2010\/12\/M\u00e9xico1.jpg\"><\/a><a href=\"http:\/\/www.jucumnorte.com.ar\/es\/..\/wp-content\/2010\/12\/M\u00e9xico4.jpg\"><img loading=\"lazy\" decoding=\"async\" class=\"aligncenter size-full wp-image-2024\" title=\"M\u00e9xico\" src=\"http:\/\/www.jucumnorte.com.ar\/es\/..\/wp-content\/2010\/12\/M\u00e9xico4.jpg\" alt=\"\" width=\"124\" height=\"164\" \/><\/a><\/p>\n<p>De las 18,260 personas que hablan el idioma juxtlahuaca mixteco, el 30% son monoling\u00fces. Todo el  grupo vive en el estado de Oaxaca, pero gran parte del territorio que  pertenece al grupo, no es cultivable, por lo que muchos van a las ciudades o a los  Estados Unidos para trabajar. No hay traducci\u00f3n de la biblia en este idioma;  adem\u00e1s el \u201cProyecto Jes\u00fas\u201d los cataloga como uno de los pueblos menos alcanzados.<\/p>\n<p><a href=\"http:\/\/www.jucumnorte.com.ar\/es\/..\/wp-content\/2010\/12\/Mexico42.jpg\"><img loading=\"lazy\" decoding=\"async\" class=\"aligncenter size-full wp-image-2021\" title=\"Mexico4\" src=\"http:\/\/www.jucumnorte.com.ar\/es\/..\/wp-content\/2010\/12\/Mexico42.jpg\" alt=\"\" width=\"259\" height=\"194\" \/><\/a><a href=\"http:\/\/www.jucumnorte.com.ar\/es\/..\/wp-content\/2010\/12\/M\u00e9xico23.jpg\"><img loading=\"lazy\" decoding=\"async\" class=\"aligncenter size-full wp-image-2022\" title=\"M\u00e9xico2\" src=\"http:\/\/www.jucumnorte.com.ar\/es\/..\/wp-content\/2010\/12\/M\u00e9xico23.jpg\" alt=\"\" width=\"259\" height=\"194\" \/><\/a><\/p>\n<p><a href=\"http:\/\/www.jucumnorte.com.ar\/es\/..\/wp-content\/2010\/12\/M\u00e9xico22.jpg\"><br \/>\n<\/a><\/p>\n<p><a href=\"http:\/\/www.jucumnorte.com.ar\/es\/..\/wp-content\/2010\/12\/M\u00e9xico2.jpg\"><br \/>\n<\/a><\/p>\n<p><strong><span style=\"text-decoration: underline;\">Oremos<\/span>: <\/strong>Que el Se\u00f1or levante obreros para llevar la palabra traducida a  los Juxtlahuaca Mixtec. Oremos para que este pueblo pueda conocer el  evangelio y la salvaci\u00f3n por medio de Cristo.<\/p>\n<p><strong> <\/strong><\/p>\n<address><strong>\u201cDIOS AMA A LOS JUXTLAHUACA MIXTEC\u201d<\/strong> \u00a1Te invitamos a adoptar este  pueblo en oraci\u00f3n para que puedan tener la palabra de Dios en su idioma!<\/address>\n<address> <\/address>\n<address><strong>\u00a1ES IMPORTANTE<\/strong><\/address>\n<address><strong>Traducir la biblia<\/strong>!<\/address>\n<p>\u2026 Porque hace posible que todas las etnias, sin importar su idioma, conozca al \u00fanico Dios  Verdadero y dejen de estar esclavizados por la superstici\u00f3n y la idolatr\u00eda.<\/p>\n<p>\u201cPorque la palabra de Dios es viva y eficaz, y m\u00e1s cortante que toda espada de dos filos; y penetra  hasta partir el alma y el esp\u00edritu, las coyunturas y los tu\u00e9tanos, y discierne  los pensamientos y las intenciones del coraz\u00f3n\u201d Hebreos 4:12<\/p>\n","protected":false},"excerpt":{"rendered":"<p>De las 18,260 personas que hablan el idioma juxtlahuaca mixteco, el 30% son monoling\u00fces. Todo el grupo vive en el estado de Oaxaca, pero gran parte del territorio que pertenece al grupo, no es cultivable, por lo que muchos van a las ciudades o a los Estados Unidos para trabajar. No hay traducci\u00f3n de la [&hellip;]<\/p>\n","protected":false},"author":1,"featured_media":0,"comment_status":"closed","ping_status":"open","sticky":false,"template":"","format":"standard","meta":{"footnotes":""},"categories":[1],"tags":[],"class_list":["post-2006","post","type-post","status-publish","format-standard","hentry","category-noticias"],"_links":{"self":[{"href":"https:\/\/www.jucumnorte.com.ar\/es\/wp-json\/wp\/v2\/posts\/2006","targetHints":{"allow":["GET"]}}],"collection":[{"href":"https:\/\/www.jucumnorte.com.ar\/es\/wp-json\/wp\/v2\/posts"}],"about":[{"href":"https:\/\/www.jucumnorte.com.ar\/es\/wp-json\/wp\/v2\/types\/post"}],"author":[{"embeddable":true,"href":"https:\/\/www.jucumnorte.com.ar\/es\/wp-json\/wp\/v2\/users\/1"}],"replies":[{"embeddable":true,"href":"https:\/\/www.jucumnorte.com.ar\/es\/wp-json\/wp\/v2\/comments?post=2006"}],"version-history":[{"count":0,"href":"https:\/\/www.jucumnorte.com.ar\/es\/wp-json\/wp\/v2\/posts\/2006\/revisions"}],"wp:attachment":[{"href":"https:\/\/www.jucumnorte.com.ar\/es\/wp-json\/wp\/v2\/media?parent=2006"}],"wp:term":[{"taxonomy":"category","embeddable":true,"href":"https:\/\/www.jucumnorte.com.ar\/es\/wp-json\/wp\/v2\/categories?post=2006"},{"taxonomy":"post_tag","embeddable":true,"href":"https:\/\/www.jucumnorte.com.ar\/es\/wp-json\/wp\/v2\/tags?post=2006"}],"curies":[{"name":"wp","href":"https:\/\/api.w.org\/{rel}","templated":true}]}}