{"id":2114,"date":"2010-12-21T16:49:43","date_gmt":"2010-12-21T19:49:43","guid":{"rendered":"http:\/\/www.jucumnorte.com.ar\/es\/?p=2114"},"modified":"2010-12-21T16:56:44","modified_gmt":"2010-12-21T19:56:44","slug":"proxima-ede-7-de-febrero","status":"publish","type":"post","link":"https:\/\/www.jucumnorte.com.ar\/es\/proxima-ede-7-de-febrero\/","title":{"rendered":"Pr\u00f3xima EDE 7 de Febrero"},"content":{"rendered":"<p><a href=\"http:\/\/www.jucumnorte.com.ar\/es\/..\/wp-content\/2010\/12\/EDE-Febrero.jpg\"><img loading=\"lazy\" decoding=\"async\" class=\"aligncenter size-full wp-image-2117\" title=\"EDE Febrero\" src=\"http:\/\/www.jucumnorte.com.ar\/es\/..\/wp-content\/2010\/12\/EDE-Febrero.jpg\" alt=\"\" width=\"428\" height=\"336\" srcset=\"https:\/\/www.jucumnorte.com.ar\/es\/wp-content\/uploads\/2010\/12\/EDE-Febrero.jpg 428w, https:\/\/www.jucumnorte.com.ar\/es\/wp-content\/uploads\/2010\/12\/EDE-Febrero-300x235.jpg 300w\" sizes=\"auto, (max-width: 428px) 100vw, 428px\" \/><\/a><\/p>\n<p>La escuela es de 3 meses te\u00f3rico y 2 pr\u00e1ctico da enfoque en los  siguientes \u00e1reas:<\/p>\n<ul>\n<li><strong>RELACI\u00d3N CON DIOS<\/strong> Como escuchar la voz de Dios, Intercesi\u00f3n,  Atributos de Dios, otros.<\/li>\n<li><strong>RELACI\u00d3N INTERPERSONAL<\/strong> Perd\u00f3n, Identidad, Valores, trabajo en  grupo, temperamentos, unidad, otros<\/li>\n<li><strong>RELACI\u00d3N CON EL LLAMADO<\/strong> M\u00e9todos de evangelismo, dones y  ministerio, Coraz\u00f3n de siervo, Estudio de la Biblia,<\/li>\n<\/ul>\n<p><object classid=\"clsid:d27cdb6e-ae6d-11cf-96b8-444553540000\" width=\"425\" height=\"350\" codebase=\"http:\/\/download.macromedia.com\/pub\/shockwave\/cabs\/flash\/swflash.cab#version=6,0,40,0\"><param name=\"src\" value=\"http:\/\/www.youtube.com\/v\/miUpvb2x4g4&amp;feature\" \/><embed type=\"application\/x-shockwave-flash\" width=\"425\" height=\"350\" src=\"http:\/\/www.youtube.com\/v\/miUpvb2x4g4&amp;feature\"><\/embed><\/object><\/p>\n","protected":false},"excerpt":{"rendered":"<p>La escuela es de 3 meses te\u00f3rico y 2 pr\u00e1ctico da enfoque en los siguientes \u00e1reas: RELACI\u00d3N CON DIOS Como escuchar la voz de Dios, Intercesi\u00f3n, Atributos de Dios, otros. RELACI\u00d3N INTERPERSONAL Perd\u00f3n, Identidad, Valores, trabajo en grupo, temperamentos, unidad, otros RELACI\u00d3N CON EL LLAMADO M\u00e9todos de evangelismo, dones y ministerio, Coraz\u00f3n de siervo, Estudio [&hellip;]<\/p>\n","protected":false},"author":1,"featured_media":0,"comment_status":"closed","ping_status":"open","sticky":false,"template":"","format":"standard","meta":{"footnotes":""},"categories":[1],"tags":[],"class_list":["post-2114","post","type-post","status-publish","format-standard","hentry","category-noticias"],"_links":{"self":[{"href":"https:\/\/www.jucumnorte.com.ar\/es\/wp-json\/wp\/v2\/posts\/2114","targetHints":{"allow":["GET"]}}],"collection":[{"href":"https:\/\/www.jucumnorte.com.ar\/es\/wp-json\/wp\/v2\/posts"}],"about":[{"href":"https:\/\/www.jucumnorte.com.ar\/es\/wp-json\/wp\/v2\/types\/post"}],"author":[{"embeddable":true,"href":"https:\/\/www.jucumnorte.com.ar\/es\/wp-json\/wp\/v2\/users\/1"}],"replies":[{"embeddable":true,"href":"https:\/\/www.jucumnorte.com.ar\/es\/wp-json\/wp\/v2\/comments?post=2114"}],"version-history":[{"count":0,"href":"https:\/\/www.jucumnorte.com.ar\/es\/wp-json\/wp\/v2\/posts\/2114\/revisions"}],"wp:attachment":[{"href":"https:\/\/www.jucumnorte.com.ar\/es\/wp-json\/wp\/v2\/media?parent=2114"}],"wp:term":[{"taxonomy":"category","embeddable":true,"href":"https:\/\/www.jucumnorte.com.ar\/es\/wp-json\/wp\/v2\/categories?post=2114"},{"taxonomy":"post_tag","embeddable":true,"href":"https:\/\/www.jucumnorte.com.ar\/es\/wp-json\/wp\/v2\/tags?post=2114"}],"curies":[{"name":"wp","href":"https:\/\/api.w.org\/{rel}","templated":true}]}}