{"id":2131,"date":"2011-01-04T16:18:47","date_gmt":"2011-01-04T19:18:47","guid":{"rendered":"http:\/\/www.jucumnorte.com.ar\/es\/?p=2131"},"modified":"2011-01-04T17:19:51","modified_gmt":"2011-01-04T20:19:51","slug":"reunion-especial","status":"publish","type":"post","link":"https:\/\/www.jucumnorte.com.ar\/es\/reunion-especial\/","title":{"rendered":"Reuni\u00f3n especial"},"content":{"rendered":"<p><a href=\"http:\/\/www.jucumnorte.com.ar\/es\/..\/wp-content\/2011\/01\/cenanavidad121.jpg\"><img loading=\"lazy\" decoding=\"async\" class=\"aligncenter size-full wp-image-2141\" title=\"cenanavidad12\" src=\"http:\/\/www.jucumnorte.com.ar\/es\/..\/wp-content\/2011\/01\/cenanavidad121.jpg\" alt=\"\" width=\"448\" height=\"299\" srcset=\"https:\/\/www.jucumnorte.com.ar\/es\/wp-content\/uploads\/2011\/01\/cenanavidad121.jpg 448w, https:\/\/www.jucumnorte.com.ar\/es\/wp-content\/uploads\/2011\/01\/cenanavidad121-300x200.jpg 300w\" sizes=\"auto, (max-width: 448px) 100vw, 448px\" \/><\/a><\/p>\n<p>Una reuni\u00f3n especial, en una fecha especial&#8230;\u00a0 Con el motivo de  recordar el naciemiento de jes\u00fas y compartir juntos en familia el  viernes 17 de Diciembre en la Iglesia \u00abCetro Familiar\u00bb nos reun\u00edmos\u00a0  para adorar y exaltar a\u00a0 Dios por la expresi\u00f3n de amor ; a la misma ves  compart\u00edmos una cena , dando lugar a que Cristos siga ciendo el centro  de nuestra celebraci\u00f3n.<\/p>\n<p><a href=\"http:\/\/www.jucumnorte.com.ar\/es\/..\/wp-content\/2011\/01\/cenanavidad08.jpg\"><img loading=\"lazy\" decoding=\"async\" class=\"aligncenter size-full wp-image-2136\" title=\"cenanavidad08\" src=\"http:\/\/www.jucumnorte.com.ar\/es\/..\/wp-content\/2011\/01\/cenanavidad08.jpg\" alt=\"\" width=\"448\" height=\"299\" srcset=\"https:\/\/www.jucumnorte.com.ar\/es\/wp-content\/uploads\/2011\/01\/cenanavidad08.jpg 448w, https:\/\/www.jucumnorte.com.ar\/es\/wp-content\/uploads\/2011\/01\/cenanavidad08-300x200.jpg 300w\" sizes=\"auto, (max-width: 448px) 100vw, 448px\" \/><\/a><\/p>\n<p><a href=\"http:\/\/www.jucumnorte.com.ar\/es\/..\/wp-content\/2011\/01\/cenanavidad15.jpg\"><img loading=\"lazy\" decoding=\"async\" class=\"aligncenter size-full wp-image-2137\" title=\"cenanavidad15\" src=\"http:\/\/www.jucumnorte.com.ar\/es\/..\/wp-content\/2011\/01\/cenanavidad15.jpg\" alt=\"\" width=\"448\" height=\"299\" srcset=\"https:\/\/www.jucumnorte.com.ar\/es\/wp-content\/uploads\/2011\/01\/cenanavidad15.jpg 448w, https:\/\/www.jucumnorte.com.ar\/es\/wp-content\/uploads\/2011\/01\/cenanavidad15-300x200.jpg 300w\" sizes=\"auto, (max-width: 448px) 100vw, 448px\" \/><\/a><\/p>\n<p><a href=\"http:\/\/www.jucumnorte.com.ar\/es\/..\/wp-content\/2011\/01\/cenanavidad16.jpg\"><img loading=\"lazy\" decoding=\"async\" class=\"aligncenter size-full wp-image-2138\" title=\"cenanavidad16\" src=\"http:\/\/www.jucumnorte.com.ar\/es\/..\/wp-content\/2011\/01\/cenanavidad16.jpg\" alt=\"\" width=\"299\" height=\"448\" srcset=\"https:\/\/www.jucumnorte.com.ar\/es\/wp-content\/uploads\/2011\/01\/cenanavidad16.jpg 299w, https:\/\/www.jucumnorte.com.ar\/es\/wp-content\/uploads\/2011\/01\/cenanavidad16-200x300.jpg 200w\" sizes=\"auto, (max-width: 299px) 100vw, 299px\" \/><\/a><br \/>\nEn esta reuni\u00f3n tuvimos la participaci\u00f3n de un equipo de Suecia, el cual  estuvo compartiendo sus testimonios, una obra de teatro, y una palabra  de reflexi\u00f3n.<\/p>\n<p><a href=\"http:\/\/www.jucumnorte.com.ar\/es\/..\/wp-content\/2011\/01\/cenanavidad06.jpg\"><img loading=\"lazy\" decoding=\"async\" class=\"aligncenter size-full wp-image-2139\" title=\"cenanavidad06\" src=\"http:\/\/www.jucumnorte.com.ar\/es\/..\/wp-content\/2011\/01\/cenanavidad06.jpg\" alt=\"\" width=\"448\" height=\"299\" srcset=\"https:\/\/www.jucumnorte.com.ar\/es\/wp-content\/uploads\/2011\/01\/cenanavidad06.jpg 448w, https:\/\/www.jucumnorte.com.ar\/es\/wp-content\/uploads\/2011\/01\/cenanavidad06-300x200.jpg 300w\" sizes=\"auto, (max-width: 448px) 100vw, 448px\" \/><\/a><\/p>\n<p><a href=\"http:\/\/www.jucumnorte.com.ar\/es\/..\/wp-content\/2011\/01\/cenanavidad07.jpg\"><img loading=\"lazy\" decoding=\"async\" class=\"aligncenter size-full wp-image-2140\" title=\"cenanavidad07\" src=\"http:\/\/www.jucumnorte.com.ar\/es\/..\/wp-content\/2011\/01\/cenanavidad07.jpg\" alt=\"\" width=\"336\" height=\"362\" srcset=\"https:\/\/www.jucumnorte.com.ar\/es\/wp-content\/uploads\/2011\/01\/cenanavidad07.jpg 336w, https:\/\/www.jucumnorte.com.ar\/es\/wp-content\/uploads\/2011\/01\/cenanavidad07-278x300.jpg 278w\" sizes=\"auto, (max-width: 336px) 100vw, 336px\" \/><\/a><\/p>\n","protected":false},"excerpt":{"rendered":"<p>Una reuni\u00f3n especial, en una fecha especial&#8230;\u00a0 Con el motivo de recordar el naciemiento de jes\u00fas y compartir juntos en familia el viernes 17 de Diciembre en la Iglesia \u00abCetro Familiar\u00bb nos reun\u00edmos\u00a0 para adorar y exaltar a\u00a0 Dios por la expresi\u00f3n de amor ; a la misma ves compart\u00edmos una cena , dando lugar [&hellip;]<\/p>\n","protected":false},"author":1,"featured_media":0,"comment_status":"closed","ping_status":"open","sticky":false,"template":"","format":"standard","meta":{"footnotes":""},"categories":[1],"tags":[],"class_list":["post-2131","post","type-post","status-publish","format-standard","hentry","category-noticias"],"_links":{"self":[{"href":"https:\/\/www.jucumnorte.com.ar\/es\/wp-json\/wp\/v2\/posts\/2131","targetHints":{"allow":["GET"]}}],"collection":[{"href":"https:\/\/www.jucumnorte.com.ar\/es\/wp-json\/wp\/v2\/posts"}],"about":[{"href":"https:\/\/www.jucumnorte.com.ar\/es\/wp-json\/wp\/v2\/types\/post"}],"author":[{"embeddable":true,"href":"https:\/\/www.jucumnorte.com.ar\/es\/wp-json\/wp\/v2\/users\/1"}],"replies":[{"embeddable":true,"href":"https:\/\/www.jucumnorte.com.ar\/es\/wp-json\/wp\/v2\/comments?post=2131"}],"version-history":[{"count":0,"href":"https:\/\/www.jucumnorte.com.ar\/es\/wp-json\/wp\/v2\/posts\/2131\/revisions"}],"wp:attachment":[{"href":"https:\/\/www.jucumnorte.com.ar\/es\/wp-json\/wp\/v2\/media?parent=2131"}],"wp:term":[{"taxonomy":"category","embeddable":true,"href":"https:\/\/www.jucumnorte.com.ar\/es\/wp-json\/wp\/v2\/categories?post=2131"},{"taxonomy":"post_tag","embeddable":true,"href":"https:\/\/www.jucumnorte.com.ar\/es\/wp-json\/wp\/v2\/tags?post=2131"}],"curies":[{"name":"wp","href":"https:\/\/api.w.org\/{rel}","templated":true}]}}