{"id":2249,"date":"2011-02-28T14:05:56","date_gmt":"2011-02-28T17:05:56","guid":{"rendered":"http:\/\/www.jucumnorte.com.ar\/es\/?p=2249"},"modified":"2011-03-01T18:55:35","modified_gmt":"2011-03-01T21:55:35","slug":"ede-quito-ecuador","status":"publish","type":"post","link":"https:\/\/www.jucumnorte.com.ar\/es\/ede-quito-ecuador\/","title":{"rendered":"EDE &#8211; Quito Ecuador"},"content":{"rendered":"<p>Desde el a\u00f1o pasado hemos estado trabajando con el desaf\u00edo de volver a abrir una base de JuCUM en Ecuador. En este momento tenemos una misionera, Jenne Sampaio, a tiempo completo trabajando, como punta de lanza, para poder estabilizar el trabajo de JuCUM all\u00ed; y tambi\u00e9n tenemos otra misionera, Marlene Gacioppo, que est\u00e1 trabajando en lo siguiente:<\/p>\n<p><a href=\"http:\/\/www.jucumnorte.com.ar\/es\/..\/wp-content\/2011\/02\/Promo-folleto2.jpg\"><img loading=\"lazy\" decoding=\"async\" class=\"aligncenter size-full wp-image-2252\" title=\"Promo folleto\" src=\"http:\/\/www.jucumnorte.com.ar\/es\/..\/wp-content\/2011\/02\/Promo-folleto2.jpg\" alt=\"\" width=\"411\" height=\"640\" srcset=\"https:\/\/www.jucumnorte.com.ar\/es\/wp-content\/uploads\/2011\/02\/Promo-folleto2.jpg 411w, https:\/\/www.jucumnorte.com.ar\/es\/wp-content\/uploads\/2011\/02\/Promo-folleto2-192x300.jpg 192w\" sizes=\"auto, (max-width: 411px) 100vw, 411px\" \/><\/a><\/p>\n<p>Estamos muy emocionados de poder compartir con ustedes que el 16 de Febrero comenzamos con la EDE en Quito, Ecuador. Comenzamos con 2 estudiantes internas y 3 estudiantes externas. En todo este tiempo pudimos ver a Dios detr\u00e1s de cada detalle y aun en aquellas coas que no ve\u00edamos, El segu\u00eda con el control de todo!<\/p>\n<p>Creemos que Dios ama esta naci\u00f3n, y por eso estamos invirtiendo y trabajando para que El sea conocido y muchos sean impactados por Su amor!<\/p>\n<blockquote><p>Gracias por ser parte del sue\u00f1o de Dios, a trav\u00e9s de tus oraciones, apoyo y ofrendas!<\/p><\/blockquote>\n<p><a href=\"http:\/\/www.jucumnorte.com.ar\/es\/..\/wp-content\/2011\/02\/DSC00316.jpg\"><img loading=\"lazy\" decoding=\"async\" class=\"aligncenter size-full wp-image-2253\" title=\"DSC00316\" src=\"http:\/\/www.jucumnorte.com.ar\/es\/..\/wp-content\/2011\/02\/DSC00316.jpg\" alt=\"\" width=\"448\" height=\"336\" srcset=\"https:\/\/www.jucumnorte.com.ar\/es\/wp-content\/uploads\/2011\/02\/DSC00316.jpg 448w, https:\/\/www.jucumnorte.com.ar\/es\/wp-content\/uploads\/2011\/02\/DSC00316-300x224.jpg 300w\" sizes=\"auto, (max-width: 448px) 100vw, 448px\" \/><\/a><\/p>\n<p><a href=\"http:\/\/www.jucumnorte.com.ar\/es\/..\/wp-content\/2011\/02\/DSC00274.jpg\"><img loading=\"lazy\" decoding=\"async\" class=\"aligncenter size-full wp-image-2254\" title=\"DSC00274\" src=\"http:\/\/www.jucumnorte.com.ar\/es\/..\/wp-content\/2011\/02\/DSC00274.jpg\" alt=\"\" width=\"448\" height=\"336\" srcset=\"https:\/\/www.jucumnorte.com.ar\/es\/wp-content\/uploads\/2011\/02\/DSC00274.jpg 448w, https:\/\/www.jucumnorte.com.ar\/es\/wp-content\/uploads\/2011\/02\/DSC00274-300x224.jpg 300w\" sizes=\"auto, (max-width: 448px) 100vw, 448px\" \/><\/a><\/p>\n<p><span style=\"text-decoration: underline;\">Aqu\u00ed les compartimos algunos motivos de oraci\u00f3n:<\/span><\/p>\n<ul>\n<li>Por todo lo que implica la escuela<\/li>\n<\/ul>\n<ul>\n<li> Por las finanzas de cada estudiantes para que puedan saldar la escuela<\/li>\n<\/ul>\n<ul>\n<li> Por Jenne y todo el trabajo que se est\u00e1 realizando como JuCUM Ecuador.<\/li>\n<\/ul>\n<ul>\n<li> Para que cada estudiante sea transformado y restaurado por Dios.<\/li>\n<\/ul>\n","protected":false},"excerpt":{"rendered":"<p>Desde el a\u00f1o pasado hemos estado trabajando con el desaf\u00edo de volver a abrir una base de JuCUM en Ecuador. En este momento tenemos una misionera, Jenne Sampaio, a tiempo completo trabajando, como punta de lanza, para poder estabilizar el trabajo de JuCUM all\u00ed; y tambi\u00e9n tenemos otra misionera, Marlene Gacioppo, que est\u00e1 trabajando en [&hellip;]<\/p>\n","protected":false},"author":1,"featured_media":0,"comment_status":"closed","ping_status":"open","sticky":false,"template":"","format":"standard","meta":{"footnotes":""},"categories":[1],"tags":[],"class_list":["post-2249","post","type-post","status-publish","format-standard","hentry","category-noticias"],"_links":{"self":[{"href":"https:\/\/www.jucumnorte.com.ar\/es\/wp-json\/wp\/v2\/posts\/2249","targetHints":{"allow":["GET"]}}],"collection":[{"href":"https:\/\/www.jucumnorte.com.ar\/es\/wp-json\/wp\/v2\/posts"}],"about":[{"href":"https:\/\/www.jucumnorte.com.ar\/es\/wp-json\/wp\/v2\/types\/post"}],"author":[{"embeddable":true,"href":"https:\/\/www.jucumnorte.com.ar\/es\/wp-json\/wp\/v2\/users\/1"}],"replies":[{"embeddable":true,"href":"https:\/\/www.jucumnorte.com.ar\/es\/wp-json\/wp\/v2\/comments?post=2249"}],"version-history":[{"count":0,"href":"https:\/\/www.jucumnorte.com.ar\/es\/wp-json\/wp\/v2\/posts\/2249\/revisions"}],"wp:attachment":[{"href":"https:\/\/www.jucumnorte.com.ar\/es\/wp-json\/wp\/v2\/media?parent=2249"}],"wp:term":[{"taxonomy":"category","embeddable":true,"href":"https:\/\/www.jucumnorte.com.ar\/es\/wp-json\/wp\/v2\/categories?post=2249"},{"taxonomy":"post_tag","embeddable":true,"href":"https:\/\/www.jucumnorte.com.ar\/es\/wp-json\/wp\/v2\/tags?post=2249"}],"curies":[{"name":"wp","href":"https:\/\/api.w.org\/{rel}","templated":true}]}}