{"id":2261,"date":"2011-03-01T19:55:23","date_gmt":"2011-03-01T22:55:23","guid":{"rendered":"http:\/\/www.jucumnorte.com.ar\/es\/?p=2261"},"modified":"2011-03-02T23:32:22","modified_gmt":"2011-03-03T02:32:22","slug":"un-ano-nuevo-para-el-instituto-privado-nueva-generacion","status":"publish","type":"post","link":"https:\/\/www.jucumnorte.com.ar\/es\/un-ano-nuevo-para-el-instituto-privado-nueva-generacion\/","title":{"rendered":"Un a\u00f1o nuevo para el Instituto Privado Nueva Generacion"},"content":{"rendered":"<p><a href=\"http:\/\/www.jucumnorte.com.ar\/es\/..\/wp-content\/2011\/03\/IMG_06651.jpg\"><img loading=\"lazy\" decoding=\"async\" class=\"aligncenter size-full wp-image-2265\" title=\"IMG_0665\" src=\"http:\/\/www.jucumnorte.com.ar\/es\/..\/wp-content\/2011\/03\/IMG_06651.jpg\" alt=\"\" width=\"640\" height=\"480\" srcset=\"https:\/\/www.jucumnorte.com.ar\/es\/wp-content\/uploads\/2011\/03\/IMG_06651.jpg 640w, https:\/\/www.jucumnorte.com.ar\/es\/wp-content\/uploads\/2011\/03\/IMG_06651-300x225.jpg 300w\" sizes=\"auto, (max-width: 640px) 100vw, 640px\" \/><\/a><\/p>\n<p>Lunes 28 de Febrero tuvimos la apertura del a\u00f1o lectivo en nuestro Instituto privado \u2018Nueva Generaci\u00f3n\u2019. Fue atendido por los maestros, padres, familiares y seres queridos de los 97 ni\u00f1os que fueron inscriptos para este a\u00f1o. Hemos visto la tremenda fidelidad de Dios en estas semanas de preparaci\u00f3n para la apertura, tambi\u00e9n Su cuidado sobre el cuerpo f\u00edsico de cada maestra y la provisi\u00f3n de todos los materiales que son necesarios para poder empezar. Tenemos grandes expectativas de ver todo lo que Dios va a hacer este a\u00f1o atreves de este milagro andando que es el Instituto, y les invitamos a que puedan ser parte de todo esto atraves de sus oraciones y apoyo!<\/p>\n<p><a href=\"http:\/\/www.jucumnorte.com.ar\/es\/..\/wp-content\/2011\/03\/instituto-20111.jpg\"><img loading=\"lazy\" decoding=\"async\" class=\"aligncenter size-full wp-image-2263\" title=\"instituto 2011\" src=\"http:\/\/www.jucumnorte.com.ar\/es\/..\/wp-content\/2011\/03\/instituto-20111.jpg\" alt=\"\" width=\"487\" height=\"480\" srcset=\"https:\/\/www.jucumnorte.com.ar\/es\/wp-content\/uploads\/2011\/03\/instituto-20111.jpg 487w, https:\/\/www.jucumnorte.com.ar\/es\/wp-content\/uploads\/2011\/03\/instituto-20111-300x295.jpg 300w\" sizes=\"auto, (max-width: 487px) 100vw, 487px\" \/><\/a><\/p>\n<p><a href=\"http:\/\/www.jucumnorte.com.ar\/es\/..\/wp-content\/2011\/03\/IMG_06531.jpg\"><img loading=\"lazy\" decoding=\"async\" class=\"aligncenter size-full wp-image-2262\" title=\"IMG_0653\" src=\"http:\/\/www.jucumnorte.com.ar\/es\/..\/wp-content\/2011\/03\/IMG_06531.jpg\" alt=\"\" width=\"640\" height=\"474\" srcset=\"https:\/\/www.jucumnorte.com.ar\/es\/wp-content\/uploads\/2011\/03\/IMG_06531.jpg 640w, https:\/\/www.jucumnorte.com.ar\/es\/wp-content\/uploads\/2011\/03\/IMG_06531-300x222.jpg 300w\" sizes=\"auto, (max-width: 640px) 100vw, 640px\" \/><\/a><\/p>\n","protected":false},"excerpt":{"rendered":"<p>Lunes 28 de Febrero tuvimos la apertura del a\u00f1o lectivo en nuestro Instituto privado \u2018Nueva Generaci\u00f3n\u2019. Fue atendido por los maestros, padres, familiares y seres queridos de los 97 ni\u00f1os que fueron inscriptos para este a\u00f1o. Hemos visto la tremenda fidelidad de Dios en estas semanas de preparaci\u00f3n para la apertura, tambi\u00e9n Su cuidado sobre [&hellip;]<\/p>\n","protected":false},"author":1,"featured_media":0,"comment_status":"closed","ping_status":"open","sticky":false,"template":"","format":"standard","meta":{"footnotes":""},"categories":[1],"tags":[],"class_list":["post-2261","post","type-post","status-publish","format-standard","hentry","category-noticias"],"_links":{"self":[{"href":"https:\/\/www.jucumnorte.com.ar\/es\/wp-json\/wp\/v2\/posts\/2261","targetHints":{"allow":["GET"]}}],"collection":[{"href":"https:\/\/www.jucumnorte.com.ar\/es\/wp-json\/wp\/v2\/posts"}],"about":[{"href":"https:\/\/www.jucumnorte.com.ar\/es\/wp-json\/wp\/v2\/types\/post"}],"author":[{"embeddable":true,"href":"https:\/\/www.jucumnorte.com.ar\/es\/wp-json\/wp\/v2\/users\/1"}],"replies":[{"embeddable":true,"href":"https:\/\/www.jucumnorte.com.ar\/es\/wp-json\/wp\/v2\/comments?post=2261"}],"version-history":[{"count":0,"href":"https:\/\/www.jucumnorte.com.ar\/es\/wp-json\/wp\/v2\/posts\/2261\/revisions"}],"wp:attachment":[{"href":"https:\/\/www.jucumnorte.com.ar\/es\/wp-json\/wp\/v2\/media?parent=2261"}],"wp:term":[{"taxonomy":"category","embeddable":true,"href":"https:\/\/www.jucumnorte.com.ar\/es\/wp-json\/wp\/v2\/categories?post=2261"},{"taxonomy":"post_tag","embeddable":true,"href":"https:\/\/www.jucumnorte.com.ar\/es\/wp-json\/wp\/v2\/tags?post=2261"}],"curies":[{"name":"wp","href":"https:\/\/api.w.org\/{rel}","templated":true}]}}