{"id":2267,"date":"2011-03-01T22:33:13","date_gmt":"2011-03-02T01:33:13","guid":{"rendered":"http:\/\/www.jucumnorte.com.ar\/es\/?p=2267"},"modified":"2011-03-01T22:33:13","modified_gmt":"2011-03-02T01:33:13","slug":"si-a-la-vida","status":"publish","type":"post","link":"https:\/\/www.jucumnorte.com.ar\/es\/si-a-la-vida\/","title":{"rendered":"SI a la VIDA!!"},"content":{"rendered":"<p><a href=\"http:\/\/www.jucumnorte.com.ar\/es\/..\/wp-content\/2011\/03\/evangelismo01.jpg\"><img loading=\"lazy\" decoding=\"async\" class=\"aligncenter size-full wp-image-2272\" title=\"evangelismo01\" src=\"http:\/\/www.jucumnorte.com.ar\/es\/..\/wp-content\/2011\/03\/evangelismo01.jpg\" alt=\"\" width=\"448\" height=\"299\" srcset=\"https:\/\/www.jucumnorte.com.ar\/es\/wp-content\/uploads\/2011\/03\/evangelismo01.jpg 448w, https:\/\/www.jucumnorte.com.ar\/es\/wp-content\/uploads\/2011\/03\/evangelismo01-300x200.jpg 300w\" sizes=\"auto, (max-width: 448px) 100vw, 448px\" \/><\/a><\/p>\n<p>El s\u00e1bado que paso, 26 de Febrero, estuvimos todos presentes como base en la plaza Juan de Vera en Corrientes capital, para decir \u00a1SI a la VIDA y No al aborto! Tuvimos presentaciones de los Kings Kids, la escuela de arte en misiones, y el ministerio \u2018Coraz\u00f3n creativo del arte\u2019 cada uno afirmando nuestra declaraci\u00f3n que Dios ha creado cada vida con un prop\u00f3sito. Tambi\u00e9n tuvimos mesas de informaci\u00f3n, puestas por nuestro ministerio de rescate y restauraci\u00f3n, donde las personas que pasaban pudieron leer informaci\u00f3n, estad\u00edsticas y datos acerca del aborto y donde tambi\u00e9n tuvieron la posibilidad de firmar y as\u00ed, sumar su voz a nuestro reclamo de que no se legalice el aborto en Argentina este a\u00f1o (hay un proyecto de ley). Fue una tarde muy linda con muchas oportunidades de poder compartir acerca del amor de Dios.<\/p>\n<p><a href=\"http:\/\/www.jucumnorte.com.ar\/es\/..\/wp-content\/2011\/03\/evangelismo04.jpg\"><img loading=\"lazy\" decoding=\"async\" class=\"aligncenter size-full wp-image-2268\" title=\"evangelismo04\" src=\"http:\/\/www.jucumnorte.com.ar\/es\/..\/wp-content\/2011\/03\/evangelismo04.jpg\" alt=\"\" width=\"448\" height=\"299\" srcset=\"https:\/\/www.jucumnorte.com.ar\/es\/wp-content\/uploads\/2011\/03\/evangelismo04.jpg 448w, https:\/\/www.jucumnorte.com.ar\/es\/wp-content\/uploads\/2011\/03\/evangelismo04-300x200.jpg 300w\" sizes=\"auto, (max-width: 448px) 100vw, 448px\" \/><\/a><\/p>\n<p><a href=\"http:\/\/www.jucumnorte.com.ar\/es\/..\/wp-content\/2011\/03\/evangelismo06.jpg\"><img loading=\"lazy\" decoding=\"async\" class=\"aligncenter size-full wp-image-2269\" title=\"evangelismo06\" src=\"http:\/\/www.jucumnorte.com.ar\/es\/..\/wp-content\/2011\/03\/evangelismo06.jpg\" alt=\"\" width=\"448\" height=\"299\" srcset=\"https:\/\/www.jucumnorte.com.ar\/es\/wp-content\/uploads\/2011\/03\/evangelismo06.jpg 448w, https:\/\/www.jucumnorte.com.ar\/es\/wp-content\/uploads\/2011\/03\/evangelismo06-300x200.jpg 300w\" sizes=\"auto, (max-width: 448px) 100vw, 448px\" \/><\/a><\/p>\n<p><a href=\"http:\/\/www.jucumnorte.com.ar\/es\/..\/wp-content\/2011\/03\/evangelismo07.jpg\"><img loading=\"lazy\" decoding=\"async\" class=\"aligncenter size-full wp-image-2270\" title=\"evangelismo07\" src=\"http:\/\/www.jucumnorte.com.ar\/es\/..\/wp-content\/2011\/03\/evangelismo07.jpg\" alt=\"\" width=\"448\" height=\"299\" srcset=\"https:\/\/www.jucumnorte.com.ar\/es\/wp-content\/uploads\/2011\/03\/evangelismo07.jpg 448w, https:\/\/www.jucumnorte.com.ar\/es\/wp-content\/uploads\/2011\/03\/evangelismo07-300x200.jpg 300w\" sizes=\"auto, (max-width: 448px) 100vw, 448px\" \/><\/a><\/p>\n<p><a href=\"http:\/\/www.jucumnorte.com.ar\/es\/..\/wp-content\/2011\/03\/evangelismo08.jpg\"><img loading=\"lazy\" decoding=\"async\" class=\"aligncenter size-full wp-image-2271\" title=\"evangelismo08\" src=\"http:\/\/www.jucumnorte.com.ar\/es\/..\/wp-content\/2011\/03\/evangelismo08.jpg\" alt=\"\" width=\"448\" height=\"299\" srcset=\"https:\/\/www.jucumnorte.com.ar\/es\/wp-content\/uploads\/2011\/03\/evangelismo08.jpg 448w, https:\/\/www.jucumnorte.com.ar\/es\/wp-content\/uploads\/2011\/03\/evangelismo08-300x200.jpg 300w\" sizes=\"auto, (max-width: 448px) 100vw, 448px\" \/><\/a><\/p>\n","protected":false},"excerpt":{"rendered":"<p>El s\u00e1bado que paso, 26 de Febrero, estuvimos todos presentes como base en la plaza Juan de Vera en Corrientes capital, para decir \u00a1SI a la VIDA y No al aborto! Tuvimos presentaciones de los Kings Kids, la escuela de arte en misiones, y el ministerio \u2018Coraz\u00f3n creativo del arte\u2019 cada uno afirmando nuestra declaraci\u00f3n [&hellip;]<\/p>\n","protected":false},"author":1,"featured_media":0,"comment_status":"closed","ping_status":"open","sticky":false,"template":"","format":"standard","meta":{"footnotes":""},"categories":[1],"tags":[],"class_list":["post-2267","post","type-post","status-publish","format-standard","hentry","category-noticias"],"_links":{"self":[{"href":"https:\/\/www.jucumnorte.com.ar\/es\/wp-json\/wp\/v2\/posts\/2267","targetHints":{"allow":["GET"]}}],"collection":[{"href":"https:\/\/www.jucumnorte.com.ar\/es\/wp-json\/wp\/v2\/posts"}],"about":[{"href":"https:\/\/www.jucumnorte.com.ar\/es\/wp-json\/wp\/v2\/types\/post"}],"author":[{"embeddable":true,"href":"https:\/\/www.jucumnorte.com.ar\/es\/wp-json\/wp\/v2\/users\/1"}],"replies":[{"embeddable":true,"href":"https:\/\/www.jucumnorte.com.ar\/es\/wp-json\/wp\/v2\/comments?post=2267"}],"version-history":[{"count":0,"href":"https:\/\/www.jucumnorte.com.ar\/es\/wp-json\/wp\/v2\/posts\/2267\/revisions"}],"wp:attachment":[{"href":"https:\/\/www.jucumnorte.com.ar\/es\/wp-json\/wp\/v2\/media?parent=2267"}],"wp:term":[{"taxonomy":"category","embeddable":true,"href":"https:\/\/www.jucumnorte.com.ar\/es\/wp-json\/wp\/v2\/categories?post=2267"},{"taxonomy":"post_tag","embeddable":true,"href":"https:\/\/www.jucumnorte.com.ar\/es\/wp-json\/wp\/v2\/tags?post=2267"}],"curies":[{"name":"wp","href":"https:\/\/api.w.org\/{rel}","templated":true}]}}