{"id":2330,"date":"2011-03-12T14:30:20","date_gmt":"2011-03-12T17:30:20","guid":{"rendered":"http:\/\/www.jucumnorte.com.ar\/es\/?p=2330"},"modified":"2011-03-24T11:44:11","modified_gmt":"2011-03-24T14:44:11","slug":"aniversario-de-la-iglesia-centro-familiar","status":"publish","type":"post","link":"https:\/\/www.jucumnorte.com.ar\/es\/aniversario-de-la-iglesia-centro-familiar\/","title":{"rendered":"Aniversario de la Iglesia Centro Familiar."},"content":{"rendered":"<p style=\"text-align: center;\"><a href=\"http:\/\/www.jucumnorte.com.ar\/es\/..\/wp-content\/2011\/03\/IMG_0756.jpg\"><img loading=\"lazy\" decoding=\"async\" class=\"aligncenter size-full wp-image-2349\" title=\"IMG_0756\" src=\"http:\/\/www.jucumnorte.com.ar\/es\/..\/wp-content\/2011\/03\/IMG_0756.jpg\" alt=\"\" width=\"448\" height=\"336\" srcset=\"https:\/\/www.jucumnorte.com.ar\/es\/wp-content\/uploads\/2011\/03\/IMG_0756.jpg 448w, https:\/\/www.jucumnorte.com.ar\/es\/wp-content\/uploads\/2011\/03\/IMG_0756-300x224.jpg 300w\" sizes=\"auto, (max-width: 448px) 100vw, 448px\" \/><\/a><\/p>\n<p style=\"text-align: center;\">La iglesia Centro Familiar se visti\u00f3 de fiesta los d\u00edas 11, 12, y 13 de Marzo, en donde mas de cien personas cada d\u00eda estuvimos reunidos celebrando los tres a\u00f1os de la iglesia y alabando y rindiendo culto a nuestro Se\u00f1or; y creyendo en este nuevo lema que Dios nos dio para este a\u00f1o \u201cCAMINANDO BAJO CIELOS ABIERTOS\u201d.<\/p>\n<p style=\"text-align: center;\">En esta oportunidad estuvimos contando con la visita del Pastor Basilio\u2026 desde la provincia del Chaco, quien tambi\u00e9n estuvo ministrando sanidad y liberaci\u00f3n. Gracias Pastor.<\/p>\n<p style=\"text-align: center;\"><a href=\"http:\/\/www.jucumnorte.com.ar\/es\/..\/wp-content\/2011\/03\/IMG_0789.jpg\"><img loading=\"lazy\" decoding=\"async\" class=\"aligncenter size-full wp-image-2352\" title=\"IMG_0789\" src=\"http:\/\/www.jucumnorte.com.ar\/es\/..\/wp-content\/2011\/03\/IMG_0789.jpg\" alt=\"\" width=\"448\" height=\"336\" srcset=\"https:\/\/www.jucumnorte.com.ar\/es\/wp-content\/uploads\/2011\/03\/IMG_0789.jpg 448w, https:\/\/www.jucumnorte.com.ar\/es\/wp-content\/uploads\/2011\/03\/IMG_0789-300x224.jpg 300w\" sizes=\"auto, (max-width: 448px) 100vw, 448px\" \/><\/a><\/p>\n<p style=\"text-align: center;\">Este a\u00f1o queremos enfocarnos aun m\u00e1s en todo el trabajo de evangelismo, llevando la palabra del Se\u00f1or a quienes aun no lo conocen, realizando evangelismo en los barrios, puerta a puerta y en los meses siguientes tambi\u00e9n en algunas plazas de nuestra capital. Ya contamos tambi\u00e9n con un Departamento de Misiones, Departamento Juvenil, casas de oraci\u00f3n, y otras \u00e1reas de trabajo que involucra a toda la iglesia. Damos Gracias a Dios y a toda la Iglesia por esto.<\/p>\n<p style=\"text-align: center;\"><a href=\"http:\/\/www.jucumnorte.com.ar\/es\/..\/wp-content\/2011\/03\/IMG_0749.jpg\"><img loading=\"lazy\" decoding=\"async\" class=\"aligncenter size-full wp-image-2350\" title=\"IMG_0749\" src=\"http:\/\/www.jucumnorte.com.ar\/es\/..\/wp-content\/2011\/03\/IMG_0749.jpg\" alt=\"\" width=\"448\" height=\"336\" srcset=\"https:\/\/www.jucumnorte.com.ar\/es\/wp-content\/uploads\/2011\/03\/IMG_0749.jpg 448w, https:\/\/www.jucumnorte.com.ar\/es\/wp-content\/uploads\/2011\/03\/IMG_0749-300x224.jpg 300w\" sizes=\"auto, (max-width: 448px) 100vw, 448px\" \/><\/a><\/p>\n<p style=\"text-align: center;\">No podemos dejar de agradecer por todas sus oraciones, sabemos que a trav\u00e9s de este medio contamos con ustedes, es por eso que queremos animarlos \u00a0haci\u00e9ndoles saber que son parte de este crecimiento a trav\u00e9s de sus oraciones y porque no decirlo tambi\u00e9n siendo parte en LA GRAN COMISION en cierta forma. Desde el Barrio Pirayui cada viernes y domingo, tambi\u00e9n ustedes cuentan con nuestras oraciones en nuestro tiempo de intercesi\u00f3n.<\/p>\n<p style=\"text-align: center;\"><a href=\"http:\/\/www.jucumnorte.com.ar\/es\/..\/wp-content\/2011\/03\/IMG_0819.jpg\"><img loading=\"lazy\" decoding=\"async\" class=\"aligncenter size-full wp-image-2351\" title=\"IMG_0819\" src=\"http:\/\/www.jucumnorte.com.ar\/es\/..\/wp-content\/2011\/03\/IMG_0819.jpg\" alt=\"\" width=\"448\" height=\"336\" srcset=\"https:\/\/www.jucumnorte.com.ar\/es\/wp-content\/uploads\/2011\/03\/IMG_0819.jpg 448w, https:\/\/www.jucumnorte.com.ar\/es\/wp-content\/uploads\/2011\/03\/IMG_0819-300x224.jpg 300w\" sizes=\"auto, (max-width: 448px) 100vw, 448px\" \/><\/a><\/p>\n<p style=\"text-align: center;\">Una vez m\u00e1s los saludamos con todo el amor de Cristo, anim\u00e1ndolos a seguir con los ojos puestos en Jes\u00fas como dice su palabra y ser\u00e1 hasta la pr\u00f3xima. BENDICIONES.<\/p>\n<p style=\"text-align: center;\"><a href=\"mailto:iglesiacentrofamiliar@hotmail.com\">iglesiacentrofamiliar@hotmail.com<\/a><\/p>\n<p style=\"text-align: center;\">tel.: 03783-455568<\/p>\n<p style=\"text-align: center;\">B\u00ba Pirayui Av. Cuba 5820<\/p>\n<p style=\"text-align: center;\"><strong><br \/>\n<\/strong><\/p>\n","protected":false},"excerpt":{"rendered":"<p>La iglesia Centro Familiar se visti\u00f3 de fiesta los d\u00edas 11, 12, y 13 de Marzo, en donde mas de cien personas cada d\u00eda estuvimos reunidos celebrando los tres a\u00f1os de la iglesia y alabando y rindiendo culto a nuestro Se\u00f1or; y creyendo en este nuevo lema que Dios nos dio para este a\u00f1o \u201cCAMINANDO [&hellip;]<\/p>\n","protected":false},"author":1,"featured_media":0,"comment_status":"closed","ping_status":"open","sticky":false,"template":"","format":"standard","meta":{"footnotes":""},"categories":[1],"tags":[],"class_list":["post-2330","post","type-post","status-publish","format-standard","hentry","category-noticias"],"_links":{"self":[{"href":"https:\/\/www.jucumnorte.com.ar\/es\/wp-json\/wp\/v2\/posts\/2330","targetHints":{"allow":["GET"]}}],"collection":[{"href":"https:\/\/www.jucumnorte.com.ar\/es\/wp-json\/wp\/v2\/posts"}],"about":[{"href":"https:\/\/www.jucumnorte.com.ar\/es\/wp-json\/wp\/v2\/types\/post"}],"author":[{"embeddable":true,"href":"https:\/\/www.jucumnorte.com.ar\/es\/wp-json\/wp\/v2\/users\/1"}],"replies":[{"embeddable":true,"href":"https:\/\/www.jucumnorte.com.ar\/es\/wp-json\/wp\/v2\/comments?post=2330"}],"version-history":[{"count":0,"href":"https:\/\/www.jucumnorte.com.ar\/es\/wp-json\/wp\/v2\/posts\/2330\/revisions"}],"wp:attachment":[{"href":"https:\/\/www.jucumnorte.com.ar\/es\/wp-json\/wp\/v2\/media?parent=2330"}],"wp:term":[{"taxonomy":"category","embeddable":true,"href":"https:\/\/www.jucumnorte.com.ar\/es\/wp-json\/wp\/v2\/categories?post=2330"},{"taxonomy":"post_tag","embeddable":true,"href":"https:\/\/www.jucumnorte.com.ar\/es\/wp-json\/wp\/v2\/tags?post=2330"}],"curies":[{"name":"wp","href":"https:\/\/api.w.org\/{rel}","templated":true}]}}