{"id":2334,"date":"2011-03-22T12:14:18","date_gmt":"2011-03-22T15:14:18","guid":{"rendered":"http:\/\/www.jucumnorte.com.ar\/es\/?p=2334"},"modified":"2011-03-22T12:15:25","modified_gmt":"2011-03-22T15:15:25","slug":"proyecto-ache","status":"publish","type":"post","link":"https:\/\/www.jucumnorte.com.ar\/es\/proyecto-ache\/","title":{"rendered":"Proyecto Ach\u00e9"},"content":{"rendered":"<p style=\"text-align: center;\"><a href=\"http:\/\/www.jucumnorte.com.ar\/es\/..\/wp-content\/2011\/03\/40083_10150228976005247_743715246_14091879_3083998_n.jpg\"><img loading=\"lazy\" decoding=\"async\" class=\"aligncenter size-full wp-image-2335\" title=\"40083_10150228976005247_743715246_14091879_3083998_n\" src=\"http:\/\/www.jucumnorte.com.ar\/es\/..\/wp-content\/2011\/03\/40083_10150228976005247_743715246_14091879_3083998_n.jpg\" alt=\"\" width=\"640\" height=\"238\" srcset=\"https:\/\/www.jucumnorte.com.ar\/es\/wp-content\/uploads\/2011\/03\/40083_10150228976005247_743715246_14091879_3083998_n.jpg 640w, https:\/\/www.jucumnorte.com.ar\/es\/wp-content\/uploads\/2011\/03\/40083_10150228976005247_743715246_14091879_3083998_n-300x111.jpg 300w\" sizes=\"auto, (max-width: 640px) 100vw, 640px\" \/><\/a><\/p>\n<p style=\"text-align: center;\">Ya hace 3 a\u00f1os que como base de JuCUM Norte, comenzamos con el proyecto<br \/>\nde llevar el evangelio a la Comunidad Aborigen Ach\u00e9 ubicado en Paraguay.<br \/>\nEste consiste en llevar equipos a corto plazo con la visi\u00f3n de ense\u00f1arles a<br \/>\ntener un estilo de vida respaldada por la Palabra de Dios sin dejar de ser quien<br \/>\nson ellos y apoyando a los misioneros ya que hoy todav\u00eda no tienen la Biblia<br \/>\ntraducido en su totalidad.<\/p>\n<p style=\"text-align: center;\">En el 2008 un equipo de la Escuela M\u00f3vil de Misiones Transculturales viaj\u00f3<br \/>\npor primera vez durante un mes, en su tiempo de cruzada, con el prop\u00f3sito de<br \/>\nrealizar un trabajo de investigaci\u00f3n y conocimiento de la cultura.<\/p>\n<p style=\"text-align: center;\">En el 2010 se realiz\u00f3 el segundo viaje, en esta oportunidad pudieron contactar<br \/>\ncon los misioneros Rosalba y Bjerni Fosterbool de la Comunidad Ach\u00e9 Puerto<br \/>\nBarra, de ah\u00ed los enviaron a la Comunidad Arroyo Bandera para darles un<br \/>\napoyo pastoral a los misioneros del lugar. Tambi\u00e9n realizaron trabajo social<br \/>\ndesde ni\u00f1os hasta ancianos y ense\u00f1anzas con principios b\u00edblicos.<\/p>\n<p style=\"text-align: center;\"><a href=\"http:\/\/www.jucumnorte.com.ar\/es\/..\/wp-content\/2011\/03\/n1320951449_168546_8563.jpg\"><img loading=\"lazy\" decoding=\"async\" class=\"aligncenter size-full wp-image-2336\" title=\"n1320951449_168546_8563\" src=\"http:\/\/www.jucumnorte.com.ar\/es\/..\/wp-content\/2011\/03\/n1320951449_168546_8563.jpg\" alt=\"\" width=\"448\" height=\"336\" srcset=\"https:\/\/www.jucumnorte.com.ar\/es\/wp-content\/uploads\/2011\/03\/n1320951449_168546_8563.jpg 448w, https:\/\/www.jucumnorte.com.ar\/es\/wp-content\/uploads\/2011\/03\/n1320951449_168546_8563-300x224.jpg 300w\" sizes=\"auto, (max-width: 448px) 100vw, 448px\" \/><\/a><\/p>\n<p style=\"text-align: center;\">A solo comienzo del 2011 ya han viajado dos equipos: Una cruzada<br \/>\ndel ministerio King\u2019s Kids con actividades para ni\u00f1os y el equipo de<br \/>\ncomunicaciones para la realizaci\u00f3n de un documental registrando y narrando<br \/>\nel comportamiento cultural de esta comunidad a trav\u00e9s de los medios<br \/>\naudiovisuales y como herramienta para dar a conocer el trabajo misionero y<br \/>\nnuestro proyecto para buscar personas con carga de ser parte de llevar las<br \/>\nbuenas Nuevas de Salvaci\u00f3n a esta comunidad.<\/p>\n<p style=\"text-align: center;\"><a href=\"http:\/\/www.jucumnorte.com.ar\/es\/..\/wp-content\/2011\/03\/169040_187946434568399_100000591317563_574627_3506881_n.jpg\"><img loading=\"lazy\" decoding=\"async\" class=\"aligncenter size-full wp-image-2337\" title=\"169040_187946434568399_100000591317563_574627_3506881_n\" src=\"http:\/\/www.jucumnorte.com.ar\/es\/..\/wp-content\/2011\/03\/169040_187946434568399_100000591317563_574627_3506881_n.jpg\" alt=\"\" width=\"448\" height=\"336\" srcset=\"https:\/\/www.jucumnorte.com.ar\/es\/wp-content\/uploads\/2011\/03\/169040_187946434568399_100000591317563_574627_3506881_n.jpg 448w, https:\/\/www.jucumnorte.com.ar\/es\/wp-content\/uploads\/2011\/03\/169040_187946434568399_100000591317563_574627_3506881_n-300x224.jpg 300w\" sizes=\"auto, (max-width: 448px) 100vw, 448px\" \/><\/a><\/p>\n<p style=\"text-align: center;\">Viendo la fidelidad y el amor de Dios por los Ach\u00e9 y como respuesta de<br \/>\nnuestras oraciones, uno de nuestros desaf\u00edos era traer a la base a un chico de<br \/>\nla comunidad para realizar la EDEM Escuela de Discipulado y Entrenamiento<br \/>\nMisionero y hoy en d\u00eda Francisco (habitante de esta comunidad) est\u00e1 tomando<br \/>\neste desaf\u00edo con nosotros tomando esta escuela para conocer a Dios y hacerlo<br \/>\nconocido en su comunidad.<\/p>\n<p style=\"text-align: center;\">En mayo, un equipo viajar\u00e1 por quinta vez como cruzada de la EDEM 2011<br \/>\npara seguir haciendo posible y pr\u00e1ctico los desaf\u00edos que Dios ha puesto en<br \/>\nnuestro coraz\u00f3n por la Comunidad Aborigen Ach\u00e9.\ufeff<\/p>\n","protected":false},"excerpt":{"rendered":"<p>Ya hace 3 a\u00f1os que como base de JuCUM Norte, comenzamos con el proyecto de llevar el evangelio a la Comunidad Aborigen Ach\u00e9 ubicado en Paraguay. Este consiste en llevar equipos a corto plazo con la visi\u00f3n de ense\u00f1arles a tener un estilo de vida respaldada por la Palabra de Dios sin dejar de ser [&hellip;]<\/p>\n","protected":false},"author":1,"featured_media":0,"comment_status":"closed","ping_status":"open","sticky":false,"template":"","format":"standard","meta":{"footnotes":""},"categories":[1],"tags":[],"class_list":["post-2334","post","type-post","status-publish","format-standard","hentry","category-noticias"],"_links":{"self":[{"href":"https:\/\/www.jucumnorte.com.ar\/es\/wp-json\/wp\/v2\/posts\/2334","targetHints":{"allow":["GET"]}}],"collection":[{"href":"https:\/\/www.jucumnorte.com.ar\/es\/wp-json\/wp\/v2\/posts"}],"about":[{"href":"https:\/\/www.jucumnorte.com.ar\/es\/wp-json\/wp\/v2\/types\/post"}],"author":[{"embeddable":true,"href":"https:\/\/www.jucumnorte.com.ar\/es\/wp-json\/wp\/v2\/users\/1"}],"replies":[{"embeddable":true,"href":"https:\/\/www.jucumnorte.com.ar\/es\/wp-json\/wp\/v2\/comments?post=2334"}],"version-history":[{"count":0,"href":"https:\/\/www.jucumnorte.com.ar\/es\/wp-json\/wp\/v2\/posts\/2334\/revisions"}],"wp:attachment":[{"href":"https:\/\/www.jucumnorte.com.ar\/es\/wp-json\/wp\/v2\/media?parent=2334"}],"wp:term":[{"taxonomy":"category","embeddable":true,"href":"https:\/\/www.jucumnorte.com.ar\/es\/wp-json\/wp\/v2\/categories?post=2334"},{"taxonomy":"post_tag","embeddable":true,"href":"https:\/\/www.jucumnorte.com.ar\/es\/wp-json\/wp\/v2\/tags?post=2334"}],"curies":[{"name":"wp","href":"https:\/\/api.w.org\/{rel}","templated":true}]}}