{"id":2381,"date":"2011-04-06T12:13:17","date_gmt":"2011-04-06T15:13:17","guid":{"rendered":"http:\/\/www.jucumnorte.com.ar\/es\/?p=2381"},"modified":"2011-04-06T12:13:17","modified_gmt":"2011-04-06T15:13:17","slug":"en-la-brecha-por-los-ache-culto-misionero","status":"publish","type":"post","link":"https:\/\/www.jucumnorte.com.ar\/es\/en-la-brecha-por-los-ache-culto-misionero\/","title":{"rendered":"En la brecha por los Ach\u00e9 &#8211; Culto Misionero"},"content":{"rendered":"<p><a href=\"http:\/\/www.jucumnorte.com.ar\/es\/..\/wp-content\/2011\/04\/cultomis2703-02.jpg\"><img loading=\"lazy\" decoding=\"async\" class=\"aligncenter size-full wp-image-2386\" title=\"cultomis2703-02\" src=\"http:\/\/www.jucumnorte.com.ar\/es\/..\/wp-content\/2011\/04\/cultomis2703-02.jpg\" alt=\"\" width=\"640\" height=\"427\" srcset=\"https:\/\/www.jucumnorte.com.ar\/es\/wp-content\/uploads\/2011\/04\/cultomis2703-02.jpg 640w, https:\/\/www.jucumnorte.com.ar\/es\/wp-content\/uploads\/2011\/04\/cultomis2703-02-300x200.jpg 300w\" sizes=\"auto, (max-width: 640px) 100vw, 640px\" \/><\/a><\/p>\n<p>El 27 de marzo pudimos compartir una reuni\u00f3n especial de misiones en la iglesia Elim del Pastor Fausto Aguirre donde Los Ach\u00e9 fueron nuestro motivo de inspiraci\u00f3n para este Reuni\u00f3n Misionera.<\/p>\n<p><a href=\"http:\/\/www.jucumnorte.com.ar\/es\/..\/wp-content\/2011\/04\/cultomis2703-06.jpg\"><img loading=\"lazy\" decoding=\"async\" class=\"aligncenter size-full wp-image-2382\" title=\"cultomis2703-06\" src=\"http:\/\/www.jucumnorte.com.ar\/es\/..\/wp-content\/2011\/04\/cultomis2703-06.jpg\" alt=\"\" width=\"640\" height=\"396\" srcset=\"https:\/\/www.jucumnorte.com.ar\/es\/wp-content\/uploads\/2011\/04\/cultomis2703-06.jpg 640w, https:\/\/www.jucumnorte.com.ar\/es\/wp-content\/uploads\/2011\/04\/cultomis2703-06-300x185.jpg 300w\" sizes=\"auto, (max-width: 640px) 100vw, 640px\" \/><\/a><\/p>\n<p><a href=\"http:\/\/www.jucumnorte.com.ar\/es\/..\/wp-content\/2011\/04\/cultomis2703-04.jpg\"><img loading=\"lazy\" decoding=\"async\" class=\"aligncenter size-full wp-image-2383\" title=\"cultomis2703-04\" src=\"http:\/\/www.jucumnorte.com.ar\/es\/..\/wp-content\/2011\/04\/cultomis2703-04.jpg\" alt=\"\" width=\"640\" height=\"427\" srcset=\"https:\/\/www.jucumnorte.com.ar\/es\/wp-content\/uploads\/2011\/04\/cultomis2703-04.jpg 640w, https:\/\/www.jucumnorte.com.ar\/es\/wp-content\/uploads\/2011\/04\/cultomis2703-04-300x200.jpg 300w\" sizes=\"auto, (max-width: 640px) 100vw, 640px\" \/><\/a><\/p>\n<p>Tuvimos la participaci\u00f3n de los King`s Kids los cuales por medio de una coreograf\u00eda pudieron ministrarnos. Tambi\u00e9n se ilustr\u00f3 el culto con un video documental que relata la convivencia y trabajo misionero de los Ach\u00e9 y testimonios de los habitantes de dicha comunidad.<\/p>\n<p><a href=\"http:\/\/www.jucumnorte.com.ar\/es\/..\/wp-content\/2011\/04\/cultomis2703-01.jpg\"><img loading=\"lazy\" decoding=\"async\" class=\"aligncenter size-full wp-image-2384\" title=\"cultomis2703-01\" src=\"http:\/\/www.jucumnorte.com.ar\/es\/..\/wp-content\/2011\/04\/cultomis2703-01.jpg\" alt=\"\" width=\"640\" height=\"427\" srcset=\"https:\/\/www.jucumnorte.com.ar\/es\/wp-content\/uploads\/2011\/04\/cultomis2703-01.jpg 640w, https:\/\/www.jucumnorte.com.ar\/es\/wp-content\/uploads\/2011\/04\/cultomis2703-01-300x200.jpg 300w\" sizes=\"auto, (max-width: 640px) 100vw, 640px\" \/><\/a><br \/>\nLa Escuela de Discipulado y Entrenamiento hicieron un drama con el fin de motivar a la iglesia a ponerse en la brecha por esta naci\u00f3n la cu\u00e1l esta esperando por gente como vos y yo que podamos interceder ante Dios, para que cada Ach\u00e9 conozca del gran amor de Dios y para que ellos tambi\u00e9n tengan la Biblia traducida en su mismo idioma. A todo esto no pod\u00eda faltar el mensaje motivador y desafiante a continuar llevando al mundo una esperanza de vida.<\/p>\n<p><a href=\"http:\/\/www.jucumnorte.com.ar\/es\/..\/wp-content\/2011\/04\/cultomis2703-08.jpg\"><img loading=\"lazy\" decoding=\"async\" class=\"aligncenter size-full wp-image-2385\" title=\"cultomis2703-08\" src=\"http:\/\/www.jucumnorte.com.ar\/es\/..\/wp-content\/2011\/04\/cultomis2703-08.jpg\" alt=\"\" width=\"640\" height=\"427\" srcset=\"https:\/\/www.jucumnorte.com.ar\/es\/wp-content\/uploads\/2011\/04\/cultomis2703-08.jpg 640w, https:\/\/www.jucumnorte.com.ar\/es\/wp-content\/uploads\/2011\/04\/cultomis2703-08-300x200.jpg 300w\" sizes=\"auto, (max-width: 640px) 100vw, 640px\" \/><\/a><\/p>\n","protected":false},"excerpt":{"rendered":"<p>El 27 de marzo pudimos compartir una reuni\u00f3n especial de misiones en la iglesia Elim del Pastor Fausto Aguirre donde Los Ach\u00e9 fueron nuestro motivo de inspiraci\u00f3n para este Reuni\u00f3n Misionera. Tuvimos la participaci\u00f3n de los King`s Kids los cuales por medio de una coreograf\u00eda pudieron ministrarnos. Tambi\u00e9n se ilustr\u00f3 el culto con un video [&hellip;]<\/p>\n","protected":false},"author":1,"featured_media":0,"comment_status":"closed","ping_status":"open","sticky":false,"template":"","format":"standard","meta":{"footnotes":""},"categories":[1],"tags":[],"class_list":["post-2381","post","type-post","status-publish","format-standard","hentry","category-noticias"],"_links":{"self":[{"href":"https:\/\/www.jucumnorte.com.ar\/es\/wp-json\/wp\/v2\/posts\/2381","targetHints":{"allow":["GET"]}}],"collection":[{"href":"https:\/\/www.jucumnorte.com.ar\/es\/wp-json\/wp\/v2\/posts"}],"about":[{"href":"https:\/\/www.jucumnorte.com.ar\/es\/wp-json\/wp\/v2\/types\/post"}],"author":[{"embeddable":true,"href":"https:\/\/www.jucumnorte.com.ar\/es\/wp-json\/wp\/v2\/users\/1"}],"replies":[{"embeddable":true,"href":"https:\/\/www.jucumnorte.com.ar\/es\/wp-json\/wp\/v2\/comments?post=2381"}],"version-history":[{"count":0,"href":"https:\/\/www.jucumnorte.com.ar\/es\/wp-json\/wp\/v2\/posts\/2381\/revisions"}],"wp:attachment":[{"href":"https:\/\/www.jucumnorte.com.ar\/es\/wp-json\/wp\/v2\/media?parent=2381"}],"wp:term":[{"taxonomy":"category","embeddable":true,"href":"https:\/\/www.jucumnorte.com.ar\/es\/wp-json\/wp\/v2\/categories?post=2381"},{"taxonomy":"post_tag","embeddable":true,"href":"https:\/\/www.jucumnorte.com.ar\/es\/wp-json\/wp\/v2\/tags?post=2381"}],"curies":[{"name":"wp","href":"https:\/\/api.w.org\/{rel}","templated":true}]}}