{"id":2436,"date":"2011-05-04T17:56:01","date_gmt":"2011-05-04T20:56:01","guid":{"rendered":"http:\/\/www.jucumnorte.com.ar\/es\/?p=2436"},"modified":"2011-05-04T18:40:51","modified_gmt":"2011-05-04T21:40:51","slug":"celebrando-15-anos","status":"publish","type":"post","link":"https:\/\/www.jucumnorte.com.ar\/es\/celebrando-15-anos\/","title":{"rendered":"Celebrando 15 a\u00f1os como JuCUM Corrientes!"},"content":{"rendered":"<p style=\"text-align: center;\">Este jueves pasado, 28 de abril, como JuCUM Corrientes, dimos la apertura a nuestro Retiro de misioneros y adem\u00e1s nuestro festejo de 15 a\u00f1os como JuCUM Corrientes, todo esto bajo el lema \u201cViviendo en El Esp\u00edritu\u201d. Fue una noche de disfrutar mientras que compartimos una cena en familia y donde tambi\u00e9n dimos lugar a recuerdos de nuestros comienzos y memorias de la Fidelidad de Dios durante estos a\u00f1os. Recibimos tambi\u00e9n los saludos de los pastores Omar y Marta Ibacache, que junto a su iglesia prepararon una alabanza especial, con el fin de seguir creyendo en este Dios de Pactos.<\/p>\n<p style=\"text-align: center;\"><a href=\"http:\/\/www.jucumnorte.com.ar\/es\/..\/wp-content\/2011\/04\/retiro-dia-22.jpg\"><img loading=\"lazy\" decoding=\"async\" class=\"aligncenter size-full wp-image-2453\" title=\"retiro dia 2\" src=\"http:\/\/www.jucumnorte.com.ar\/es\/..\/wp-content\/2011\/04\/retiro-dia-22.jpg\" alt=\"\" width=\"480\" height=\"640\" srcset=\"https:\/\/www.jucumnorte.com.ar\/es\/wp-content\/uploads\/2011\/04\/retiro-dia-22.jpg 480w, https:\/\/www.jucumnorte.com.ar\/es\/wp-content\/uploads\/2011\/04\/retiro-dia-22-225x300.jpg 225w\" sizes=\"auto, (max-width: 480px) 100vw, 480px\" \/><\/a><\/p>\n<blockquote>\n<p style=\"text-align: center;\">Este retiro nos permiti\u00f3 juntarnos y celebrar las maravillas y milagros que nuestro Dios realiza en nosotros\u00a0 y a trav\u00e9s\u00a0 nuestro, \u00a0permitiendo as\u00ed que muchos conozcan de Dios.<\/p>\n<\/blockquote>\n<p style=\"text-align: center;\">El d\u00eda Viernes despu\u00e9s de\u00a0 compartir un tiempo de devocional \u00a0y de alabanza,\u00a0 Pudimos recibir una palabra de Dios de parte de Marta Rodr\u00edguez directora de la Base de Ituzaingo,\u00a0 Buenos Aires y esposa del director nacional de JuCUM. Gloria a Dios por la tecnolog\u00eda ya que esto fue posible mediante una conexi\u00f3n v\u00eda skype. Tambi\u00e9n recibimos los saludos y Palabra de Dios de parte de Jos\u00e9 Liste, director de la base de Londres; a todo esto, podemos decir que tenemos\u00a0 un Dios sin fronteras y distancias, el se mueve de diferentes maneras y nos une para glorificarse por medio de cada integrante del cuerpo de Cristo. Este d\u00eda contamos tambi\u00e9n con saludos via skype de las siguientes personas: Jorge R\u00edos (Puerto Madryn), Jenne Sampaio (Quito, Ecuador) y Nayda Peregrina (Mendoza)<\/p>\n<p style=\"text-align: center;\">En esta celebraci\u00f3n\u00a0contamos con la bendici\u00f3n de tener la visita del pastor Ricardo Rodr\u00edguez , director de JuCUM Santiago de Chile y de JuCUM Cono Sur; qui\u00e9n nos trajo varios mensajes frescos durante las plenarias y talleres.<\/p>\n<p style=\"text-align: center;\"><a href=\"http:\/\/www.jucumnorte.com.ar\/es\/..\/wp-content\/2011\/04\/15-annos-sab-1.jpg\"><img loading=\"lazy\" decoding=\"async\" class=\"aligncenter size-full wp-image-2454\" title=\"15 annos sab 1\" src=\"http:\/\/www.jucumnorte.com.ar\/es\/..\/wp-content\/2011\/04\/15-annos-sab-1.jpg\" alt=\"\" width=\"480\" height=\"640\" srcset=\"https:\/\/www.jucumnorte.com.ar\/es\/wp-content\/uploads\/2011\/04\/15-annos-sab-1.jpg 480w, https:\/\/www.jucumnorte.com.ar\/es\/wp-content\/uploads\/2011\/04\/15-annos-sab-1-225x300.jpg 225w\" sizes=\"auto, (max-width: 480px) 100vw, 480px\" \/><\/a><\/p>\n<p style=\"text-align: center;\">Fiel es una de las palabras que destaca a nuestro Dios y es lo que vimos en este tiempo de alegr\u00eda para cada JuCUMero, \u00a0ya que no solo lo vemos en nuestras vidas sino en la vida de cada misionero que est\u00e1 trabajando en las naciones. El s\u00e1bado disfrutamos por v\u00eda skype el poder escuchar lo que Dios est\u00e1 haciendo en Asia\u00a0 por medio del servicio y trabajo de Jonathan, Adriana y Victoria; misioneros nuestros que est\u00e1n invirtiendo sus vidas y pasi\u00f3n en Almaty, Kazakst\u00e1n.<\/p>\n<p style=\"text-align: center;\">Regresando a nuestro pa\u00eds, Gabriela Romero quien dirige junto a su esposo JuCUM Salta, comparti\u00f3 los proyectos y desaf\u00edos que tienen como misi\u00f3n y lo maravilloso que Dios hizo en estos 2 a\u00f1os que est\u00e1n en esa ciudad y alcanzando a diferentes grupos \u00e9tnicos dentro de la provincia de Salta.<\/p>\n<p style=\"text-align: center;\">En esta jornada nos acompa\u00f1an los maestros del instituto Nueva Generaci\u00f3n y \u00a0recibimos la visita de algunos grupos red de Kings Kids, como Posadas, Alem y Virasoro. Tambi\u00e9n nos visitaron estudiantes del seminario \u00e1guila de Corrientes, Santa fe y Formosa. En total participamos unas 180 personas<\/p>\n<p style=\"text-align: center;\"><a href=\"http:\/\/www.jucumnorte.com.ar\/es\/..\/wp-content\/2011\/04\/15-annos-sab-2.jpg\"><img loading=\"lazy\" decoding=\"async\" class=\"aligncenter size-full wp-image-2455\" title=\"15 annos sab 2\" src=\"http:\/\/www.jucumnorte.com.ar\/es\/..\/wp-content\/2011\/04\/15-annos-sab-2.jpg\" alt=\"\" width=\"480\" height=\"640\" srcset=\"https:\/\/www.jucumnorte.com.ar\/es\/wp-content\/uploads\/2011\/04\/15-annos-sab-2.jpg 480w, https:\/\/www.jucumnorte.com.ar\/es\/wp-content\/uploads\/2011\/04\/15-annos-sab-2-225x300.jpg 225w\" sizes=\"auto, (max-width: 480px) 100vw, 480px\" \/><\/a><\/p>\n<p style=\"text-align: center;\">El S\u00e1bado a la tarde, cada participante del retiro tuvo la posibilidad de participar en diferentes talleres que se dictaron, algunos de estos fueron:<\/p>\n<ul style=\"text-align: center;\">\n<li>Dise\u00f1o y Moda<\/li>\n<li>Educaci\u00f3n<\/li>\n<li>Seminario \u00c1guila<\/li>\n<li>Secreto de la Biblia<\/li>\n<li>Misiones<\/li>\n<li>Aborto<\/li>\n<li>Comunicaciones<\/li>\n<\/ul>\n<p style=\"text-align: center;\">\u201cLas misiones nacen en el coraz\u00f3n de Dios\u201d es por eso que la reuni\u00f3n de s\u00e1bado a la noche estuvo a cargo del ministerio de Misiones en donde Celebramos las Naciones, los de Kings Kids y arte nos dieron una apertura de fiesta; nuestro protagonista de la noche fueron Los Ache, en los cuales estamos invirtiendo para que ellos conozcan la plenitud de Cristo y la gracia y el valor que Dios mostr\u00f3 en la cruz para ellos. Y hablando de misiones,\u00a0 pudimos conectarnos con una de nuestras misioneras, Norma \u00a0Marczeski; qui\u00e9n est\u00e1 trabajando en la Amazona en Leticia, Colombia.<\/p>\n<p style=\"text-align: center;\">Una noche de glorificar el nombre de Dios y claro no pod\u00eda faltar en medio de tal acontecimiento la presencia de Alejandro Rodr\u00edguez, nuestro director nacional, qui\u00e9n siempre nos bendice con la riqueza que Dios ha depositado en su vida y ministerio; en esta ocasi\u00f3n desde Puerto Rico comparti\u00f3 una palabra prof\u00e9tica, la cual nos bendijo y desafi\u00f3.<\/p>\n<p style=\"text-align: center;\">No solo estamos celebrando los 15 a\u00f1os como misi\u00f3n sino que tambi\u00e9n celebramos junto a\u00a0 Pa\u00fal Allington, \u00a0Norma Quintana, David Colamai y Gabriela Romero 10 a\u00f1os de servicio, pudimos honrarlos por su compromiso con Dios y con su llamado. Tambi\u00e9n tomamos el tiempo para poder honrar las vidas de nuestros directores, David y Mary Olivera, y sus hijos Natan y Alexis, por todo lo que han invertido en este lugar y darles gracias porque hoy somos fruto de su entrega. Oramos por todos ellos y destacamos lo importante que son como personas\u00a0 en nuestras vidas.<\/p>\n<p style=\"text-align: center;\">En total fue un tiempo de gozo y agradecimiento por todo lo que Dios ha hecho y todo lo que nos ha dado a lo largo de estos a\u00f1os. Algo que nos ha mantenido es la Palabra de Dios, que es la pura verdad y que nos fortaleza, nos sostiene y nos impulsa a continuar alcanzando sus sue\u00f1os.<\/p>\n<p style=\"text-align: center;\"><a href=\"http:\/\/www.jucumnorte.com.ar\/es\/..\/wp-content\/2011\/04\/15-annos-sab-3.jpg\"><img loading=\"lazy\" decoding=\"async\" class=\"aligncenter size-full wp-image-2456\" title=\"15 annos sab 3\" src=\"http:\/\/www.jucumnorte.com.ar\/es\/..\/wp-content\/2011\/04\/15-annos-sab-3.jpg\" alt=\"\" width=\"480\" height=\"640\" srcset=\"https:\/\/www.jucumnorte.com.ar\/es\/wp-content\/uploads\/2011\/04\/15-annos-sab-3.jpg 480w, https:\/\/www.jucumnorte.com.ar\/es\/wp-content\/uploads\/2011\/04\/15-annos-sab-3-225x300.jpg 225w\" sizes=\"auto, (max-width: 480px) 100vw, 480px\" \/><\/a><\/p>\n","protected":false},"excerpt":{"rendered":"<p>Este jueves pasado, 28 de abril, como JuCUM Corrientes, dimos la apertura a nuestro Retiro de misioneros y adem\u00e1s nuestro festejo de 15 a\u00f1os como JuCUM Corrientes, todo esto bajo el lema \u201cViviendo en El Esp\u00edritu\u201d. Fue una noche de disfrutar mientras que compartimos una cena en familia y donde tambi\u00e9n dimos lugar a recuerdos [&hellip;]<\/p>\n","protected":false},"author":1,"featured_media":0,"comment_status":"closed","ping_status":"open","sticky":false,"template":"","format":"standard","meta":{"footnotes":""},"categories":[1],"tags":[],"class_list":["post-2436","post","type-post","status-publish","format-standard","hentry","category-noticias"],"_links":{"self":[{"href":"https:\/\/www.jucumnorte.com.ar\/es\/wp-json\/wp\/v2\/posts\/2436","targetHints":{"allow":["GET"]}}],"collection":[{"href":"https:\/\/www.jucumnorte.com.ar\/es\/wp-json\/wp\/v2\/posts"}],"about":[{"href":"https:\/\/www.jucumnorte.com.ar\/es\/wp-json\/wp\/v2\/types\/post"}],"author":[{"embeddable":true,"href":"https:\/\/www.jucumnorte.com.ar\/es\/wp-json\/wp\/v2\/users\/1"}],"replies":[{"embeddable":true,"href":"https:\/\/www.jucumnorte.com.ar\/es\/wp-json\/wp\/v2\/comments?post=2436"}],"version-history":[{"count":0,"href":"https:\/\/www.jucumnorte.com.ar\/es\/wp-json\/wp\/v2\/posts\/2436\/revisions"}],"wp:attachment":[{"href":"https:\/\/www.jucumnorte.com.ar\/es\/wp-json\/wp\/v2\/media?parent=2436"}],"wp:term":[{"taxonomy":"category","embeddable":true,"href":"https:\/\/www.jucumnorte.com.ar\/es\/wp-json\/wp\/v2\/categories?post=2436"},{"taxonomy":"post_tag","embeddable":true,"href":"https:\/\/www.jucumnorte.com.ar\/es\/wp-json\/wp\/v2\/tags?post=2436"}],"curies":[{"name":"wp","href":"https:\/\/api.w.org\/{rel}","templated":true}]}}