{"id":2542,"date":"2011-06-17T11:28:29","date_gmt":"2011-06-17T14:28:29","guid":{"rendered":"http:\/\/www.jucumnorte.com.ar\/es\/?p=2542"},"modified":"2011-06-17T11:33:26","modified_gmt":"2011-06-17T14:33:26","slug":"surinam%e2%80%a6","status":"publish","type":"post","link":"https:\/\/www.jucumnorte.com.ar\/es\/surinam%e2%80%a6\/","title":{"rendered":"Surinam\u2026"},"content":{"rendered":"<p style=\"text-align: right;\">Es una naci\u00f3n situada en el norte de Am\u00e9rica del sur,<br \/>\nlimita con Guayanas Francesas y al norte con<a href=\"http:\/\/www.jucumnorte.com.ar\/es\/..\/wp-content\/2011\/06\/surinam-mapa.gif\"> <img loading=\"lazy\" decoding=\"async\" class=\"alignleft size-medium wp-image-2543\" title=\"surinam mapa\" src=\"http:\/\/www.jucumnorte.com.ar\/es\/..\/wp-content\/2011\/06\/surinam-mapa-300x215.gif\" alt=\"\" width=\"300\" height=\"215\" srcset=\"https:\/\/www.jucumnorte.com.ar\/es\/wp-content\/uploads\/2011\/06\/surinam-mapa-300x215.gif 300w, https:\/\/www.jucumnorte.com.ar\/es\/wp-content\/uploads\/2011\/06\/surinam-mapa.gif 400w\" sizes=\"auto, (max-width: 300px) 100vw, 300px\" \/><\/a>Brasil.<\/p>\n<p style=\"text-align: right;\">Esta naci\u00f3n fue el motivo de intercesi\u00f3n en dos reuniones especiales de adolescentes y j\u00f3venes en la ciudad de Resistencia, Chaco.<br \/>\nEl desaf\u00edo fue salir de nuestro lugar de<br \/>\nconfort y ponernos en la brecha para que ellos conozcan el amor de Dios<br \/>\ny nosotros podemos ser parte de esto.<br \/>\nEl tiempo de intercesi\u00f3n fue creativo, en lo cual el ministerio de<br \/>\narte nos estuvo guiando a trav\u00e9s de una representaci\u00f3n de la naci\u00f3n<br \/>\ny c\u00f3mo esta se encuentra oprimida y atada.<\/p>\n<p style=\"text-align: right;\">\n<p><a href=\"http:\/\/www.jucumnorte.com.ar\/es\/..\/wp-content\/2011\/06\/DSC01065.jpg\"><img loading=\"lazy\" decoding=\"async\" class=\"size-full wp-image-2544 alignleft\" title=\"DSC01065\" src=\"http:\/\/www.jucumnorte.com.ar\/es\/..\/wp-content\/2011\/06\/DSC01065.jpg\" alt=\"\" width=\"322\" height=\"242\" srcset=\"https:\/\/www.jucumnorte.com.ar\/es\/wp-content\/uploads\/2011\/06\/DSC01065.jpg 448w, https:\/\/www.jucumnorte.com.ar\/es\/wp-content\/uploads\/2011\/06\/DSC01065-300x224.jpg 300w\" sizes=\"auto, (max-width: 322px) 100vw, 322px\" \/><\/a><a href=\"http:\/\/www.jucumnorte.com.ar\/es\/..\/wp-content\/2011\/06\/DSC01088.jpg\"><img loading=\"lazy\" decoding=\"async\" class=\"size-full wp-image-2546 alignright\" title=\"DSC01088\" src=\"http:\/\/www.jucumnorte.com.ar\/es\/..\/wp-content\/2011\/06\/DSC01088.jpg\" alt=\"\" width=\"248\" height=\"239\" \/><\/a><\/p>\n<p style=\"text-align: center;\">&#8230;..El ministerio de King\u2019s Kids estuvo presente ministrando a trav\u00e9s de dos coreograf\u00edas y<br \/>\ncompartiendo a la misma ves el desaf\u00edo del viaje misionero que van a realizar en Julio a Inglaterra.<\/p>\n<p style=\"text-align: center;\">No pod\u00edamos finalizar este culto misionero sin traer una palabra que nos movilice y active para<br \/>\nalcanzar los sue\u00f1os de Dios. \u201cM\u00e1s bien, busquen primeramente el reino de Dios y su justicia y<br \/>\ntodas estas cosas les ser\u00e1n a\u00f1adidas\u201d. Mateos 6:33<\/p>\n<blockquote>\n<p style=\"text-align: center;\"><a href=\"http:\/\/www.jucumnorte.com.ar\/es\/..\/wp-content\/2011\/06\/IMG_0137.jpg\"><img loading=\"lazy\" decoding=\"async\" class=\"aligncenter size-full wp-image-2545\" title=\"IMG_0137\" src=\"http:\/\/www.jucumnorte.com.ar\/es\/..\/wp-content\/2011\/06\/IMG_0137.jpg\" alt=\"\" width=\"448\" height=\"336\" srcset=\"https:\/\/www.jucumnorte.com.ar\/es\/wp-content\/uploads\/2011\/06\/IMG_0137.jpg 448w, https:\/\/www.jucumnorte.com.ar\/es\/wp-content\/uploads\/2011\/06\/IMG_0137-300x224.jpg 300w\" sizes=\"auto, (max-width: 448px) 100vw, 448px\" \/><\/a><\/p>\n<p style=\"text-align: center;\"><strong>Creemos que Dios a\u00fan sigue con este llamado\u2026<br \/>\n\u201cVayan y hagan disc\u00edpulos a todas las naciones\u201d\u2026.<br \/>\nSi a\u00fan no fuiste parte de las misiones,<br \/>\nte animamos a que adoptes Surinam en tus oraciones<br \/>\ndiarias y juntos poder ser parte del mover de Dios en esta Naci\u00f3n.<\/strong><\/p>\n<\/blockquote>\n","protected":false},"excerpt":{"rendered":"<p>Es una naci\u00f3n situada en el norte de Am\u00e9rica del sur, limita con Guayanas Francesas y al norte con Brasil. Esta naci\u00f3n fue el motivo de intercesi\u00f3n en dos reuniones especiales de adolescentes y j\u00f3venes en la ciudad de Resistencia, Chaco. El desaf\u00edo fue salir de nuestro lugar de confort y ponernos en la brecha [&hellip;]<\/p>\n","protected":false},"author":1,"featured_media":0,"comment_status":"closed","ping_status":"open","sticky":false,"template":"","format":"standard","meta":{"footnotes":""},"categories":[1],"tags":[],"class_list":["post-2542","post","type-post","status-publish","format-standard","hentry","category-noticias"],"_links":{"self":[{"href":"https:\/\/www.jucumnorte.com.ar\/es\/wp-json\/wp\/v2\/posts\/2542","targetHints":{"allow":["GET"]}}],"collection":[{"href":"https:\/\/www.jucumnorte.com.ar\/es\/wp-json\/wp\/v2\/posts"}],"about":[{"href":"https:\/\/www.jucumnorte.com.ar\/es\/wp-json\/wp\/v2\/types\/post"}],"author":[{"embeddable":true,"href":"https:\/\/www.jucumnorte.com.ar\/es\/wp-json\/wp\/v2\/users\/1"}],"replies":[{"embeddable":true,"href":"https:\/\/www.jucumnorte.com.ar\/es\/wp-json\/wp\/v2\/comments?post=2542"}],"version-history":[{"count":0,"href":"https:\/\/www.jucumnorte.com.ar\/es\/wp-json\/wp\/v2\/posts\/2542\/revisions"}],"wp:attachment":[{"href":"https:\/\/www.jucumnorte.com.ar\/es\/wp-json\/wp\/v2\/media?parent=2542"}],"wp:term":[{"taxonomy":"category","embeddable":true,"href":"https:\/\/www.jucumnorte.com.ar\/es\/wp-json\/wp\/v2\/categories?post=2542"},{"taxonomy":"post_tag","embeddable":true,"href":"https:\/\/www.jucumnorte.com.ar\/es\/wp-json\/wp\/v2\/tags?post=2542"}],"curies":[{"name":"wp","href":"https:\/\/api.w.org\/{rel}","templated":true}]}}