{"id":2624,"date":"2011-07-28T18:48:36","date_gmt":"2011-07-28T21:48:36","guid":{"rendered":"http:\/\/www.jucumnorte.com.ar\/es\/?p=2624"},"modified":"2011-07-28T18:48:36","modified_gmt":"2011-07-28T21:48:36","slug":"%c2%a1la-escuela-de-moda-y-diseno-en-misiones-ha-comenzado","status":"publish","type":"post","link":"https:\/\/www.jucumnorte.com.ar\/es\/%c2%a1la-escuela-de-moda-y-diseno-en-misiones-ha-comenzado\/","title":{"rendered":"\u00a1La Escuela de Moda y Dise\u00f1o en Misiones ha comenzado!"},"content":{"rendered":"<div style=\"text-align: center;\"><a href=\"http:\/\/www.jucumnorte.com.ar\/es\/..\/wp-content\/2011\/07\/steffie1.jpg\"><img loading=\"lazy\" decoding=\"async\" class=\"aligncenter size-full wp-image-2625\" title=\"DIGITAL CAMERA\" src=\"http:\/\/www.jucumnorte.com.ar\/es\/..\/wp-content\/2011\/07\/steffie1.jpg\" alt=\"\" width=\"448\" height=\"336\" srcset=\"https:\/\/www.jucumnorte.com.ar\/es\/wp-content\/uploads\/2011\/07\/steffie1.jpg 448w, https:\/\/www.jucumnorte.com.ar\/es\/wp-content\/uploads\/2011\/07\/steffie1-300x224.jpg 300w\" sizes=\"auto, (max-width: 448px) 100vw, 448px\" \/><\/a><\/div>\n<div style=\"text-align: center;\">Esta es la primera escuela de su tipo en JuCUM y estamos muy  emocionados ser parte del trabajo pionero en la area de la moda. La  escuela ha comenzado con tres estudiantes (un Argentino, una Boliviana y  una Ecuatorian), y a\u00fan que son pocos ellos est\u00e1n dedicados a aprender  todo sobre moldes, dise\u00f1o, costura, analysis de tendencias, y todo lo  dem\u00e1s que necesitan para ser agentes de transformaci\u00f3n en la industria  de la moda. Durante la escuela los alumnos estar\u00e1n dise\u00f1ando  continuamente, y tambi\u00e9n tienen proyectos para dise\u00f1ar ropa que proclama  palabras prof\u00e9ticas sobre otras naciones. Aprender\u00e1n sobre las  tendencias actuales, y tendr\u00e1n una clase de \u00abExtreme Makeover\u00bb donde se  profundizar\u00e1n en la Palabra de Dios.<\/div>\n<div style=\"text-align: center;\">La Esuela  dura tres meses y al final de la  parte te\u00f3rica los estudiantes realizar\u00e1n un  desfile de moda, donde presentar\u00e1n sus dise\u00f1os personales y \u00fanicos. Por  favor orar por ellos, por su creatividad, por la renovaci\u00f3n de sus  mentes durante este tiempo que Dios estar\u00e1 trayendo luz y revelaci\u00f3n a  ellos y al mundo de la moda. Orar tambi\u00e9n por las telas, los hilos, las  maquinas de cocer, el alquiler del lugar en donde se realizar\u00e1 el  desfile, y todo lo dem\u00e1s que se necesita para hacer todo esto posible.<\/div>\n<div style=\"text-align: center;\">Si  quer\u00e9s ser parte de esta escuela emocionante, o si quer\u00e9s informaci\u00f3n  acerca de la pr\u00f3xima escuela (comienza en Mayo 2012)<br \/>\npor favor  escribenos a <a href=\"mailto:emodisctes@hotmail.com\" target=\"_blank\">emodisctes@hotmail.com<\/a><\/div>\n<div style=\"text-align: center;\"><\/div>\n<div style=\"text-align: center;\"><a href=\"http:\/\/www.jucumnorte.com.ar\/es\/..\/wp-content\/2011\/07\/nano.jpg\"><img loading=\"lazy\" decoding=\"async\" class=\"aligncenter size-full wp-image-2626\" title=\"DIGITAL CAMERA\" src=\"http:\/\/www.jucumnorte.com.ar\/es\/..\/wp-content\/2011\/07\/nano.jpg\" alt=\"\" width=\"448\" height=\"336\" srcset=\"https:\/\/www.jucumnorte.com.ar\/es\/wp-content\/uploads\/2011\/07\/nano.jpg 448w, https:\/\/www.jucumnorte.com.ar\/es\/wp-content\/uploads\/2011\/07\/nano-300x224.jpg 300w\" sizes=\"auto, (max-width: 448px) 100vw, 448px\" \/><\/a><\/div>\n","protected":false},"excerpt":{"rendered":"<p>Esta es la primera escuela de su tipo en JuCUM y estamos muy emocionados ser parte del trabajo pionero en la area de la moda. La escuela ha comenzado con tres estudiantes (un Argentino, una Boliviana y una Ecuatorian), y a\u00fan que son pocos ellos est\u00e1n dedicados a aprender todo sobre moldes, dise\u00f1o, costura, analysis [&hellip;]<\/p>\n","protected":false},"author":1,"featured_media":0,"comment_status":"closed","ping_status":"open","sticky":false,"template":"","format":"standard","meta":{"footnotes":""},"categories":[1],"tags":[],"class_list":["post-2624","post","type-post","status-publish","format-standard","hentry","category-noticias"],"_links":{"self":[{"href":"https:\/\/www.jucumnorte.com.ar\/es\/wp-json\/wp\/v2\/posts\/2624","targetHints":{"allow":["GET"]}}],"collection":[{"href":"https:\/\/www.jucumnorte.com.ar\/es\/wp-json\/wp\/v2\/posts"}],"about":[{"href":"https:\/\/www.jucumnorte.com.ar\/es\/wp-json\/wp\/v2\/types\/post"}],"author":[{"embeddable":true,"href":"https:\/\/www.jucumnorte.com.ar\/es\/wp-json\/wp\/v2\/users\/1"}],"replies":[{"embeddable":true,"href":"https:\/\/www.jucumnorte.com.ar\/es\/wp-json\/wp\/v2\/comments?post=2624"}],"version-history":[{"count":0,"href":"https:\/\/www.jucumnorte.com.ar\/es\/wp-json\/wp\/v2\/posts\/2624\/revisions"}],"wp:attachment":[{"href":"https:\/\/www.jucumnorte.com.ar\/es\/wp-json\/wp\/v2\/media?parent=2624"}],"wp:term":[{"taxonomy":"category","embeddable":true,"href":"https:\/\/www.jucumnorte.com.ar\/es\/wp-json\/wp\/v2\/categories?post=2624"},{"taxonomy":"post_tag","embeddable":true,"href":"https:\/\/www.jucumnorte.com.ar\/es\/wp-json\/wp\/v2\/tags?post=2624"}],"curies":[{"name":"wp","href":"https:\/\/api.w.org\/{rel}","templated":true}]}}