{"id":2644,"date":"2011-08-17T09:53:46","date_gmt":"2011-08-17T12:53:46","guid":{"rendered":"http:\/\/www.jucumnorte.com.ar\/es\/?p=2644"},"modified":"2011-08-17T09:53:46","modified_gmt":"2011-08-17T12:53:46","slug":"%e2%80%9ceducacion-transformacion-de-vida%e2%80%9d","status":"publish","type":"post","link":"https:\/\/www.jucumnorte.com.ar\/es\/%e2%80%9ceducacion-transformacion-de-vida%e2%80%9d\/","title":{"rendered":"\u201cEducaci\u00f3n, transformaci\u00f3n de vida\u201d"},"content":{"rendered":"<p style=\"text-align: center;\"><span style=\"font-size: medium;\">El pasado 6 de agosto en las instalaciones de la Misi\u00f3n se llev\u00f3 a cabo la primera jornada para docentes cristianos bajo el lema: \u201cEducaci\u00f3n, transformaci\u00f3n de vida\u201d.<\/span><\/p>\n<p style=\"text-align: center;\"><span style=\"font-size: medium;\"><a href=\"http:\/\/www.jucumnorte.com.ar\/es\/..\/wp-content\/2011\/08\/congreso-profesores_1.jpg\"><img loading=\"lazy\" decoding=\"async\" class=\"aligncenter size-full wp-image-2645\" title=\"congreso-profesores_1\" src=\"http:\/\/www.jucumnorte.com.ar\/es\/..\/wp-content\/2011\/08\/congreso-profesores_1.jpg\" alt=\"\" width=\"640\" height=\"311\" srcset=\"https:\/\/www.jucumnorte.com.ar\/es\/wp-content\/uploads\/2011\/08\/congreso-profesores_1.jpg 640w, https:\/\/www.jucumnorte.com.ar\/es\/wp-content\/uploads\/2011\/08\/congreso-profesores_1-300x145.jpg 300w\" sizes=\"auto, (max-width: 640px) 100vw, 640px\" \/><\/a><br \/>\n<\/span><\/p>\n<p style=\"text-align: center;\"><span style=\"font-size: medium;\"> <\/span><\/p>\n<p style=\"text-align: center;\"><span style=\"font-size: medium;\">Estuvo compartiendo Iv\u00e1n Ruz, docente chileno que hace m\u00e1s de 20 a\u00f1os trabaja en ente ministerio. <\/span><span style=\"font-size: medium;\"><br \/>\n<\/span><\/p>\n<p style=\"text-align: center;\"><span style=\"font-size: medium;\">Se hicieron presente a esta convocatoria docentes de <\/span><span style=\"font-size: medium;\">Bella Vista, de Corrientes Capital<\/span><span style=\"font-size: medium;\"> y <\/span><span style=\"font-size: medium;\">Villa Angela, Chaco.<\/span><span style=\"font-size: medium;\"><br \/>\n<\/span><\/p>\n<p style=\"text-align: center;\"><span style=\"font-size: medium;\"> <\/span><\/p>\n<p style=\"text-align: center;\"><span style=\"font-size: medium;\">Por  la ma\u00f1ana se trat\u00f3 sobre los fundamentos de la educaci\u00f3n,dentro del  mismo, temas como: la educaci\u00f3n y la par\u00e1bola de los cimientos, la  cosmovisi\u00f3n cristiana en el fundamento de la educaci\u00f3n; educaci\u00f3n  \u00bfherramienta o arma?, integraci\u00f3n del curr\u00edculo con valores cristianos.  Lluego de<\/span><span style=\"font-size: medium;\"> un rico almuerzo, se continuo por la tarde<\/span><span style=\"font-size: medium;\"> con el an\u00e1lisis de como reinterpretar los contenidos desde una perspectiva b\u00edblica<\/span><span style=\"font-size: medium;\">.<\/span><\/p>\n<p style=\"text-align: center;\"><span style=\"font-size: medium;\">Fue un tiempo donde Dios comparti\u00f3 su corazon, de ver a la educacion como un ministerio<\/span><span style=\"font-size: medium;\">, al docente como ministro.<\/span><\/p>\n<p style=\"text-align: center;\"><span style=\"font-size: medium;\">Estamos agradecidos por la oportunidad que Dios nos <\/span><span style=\"font-size: medium;\">dio, por lo que comenz\u00f3 y expectantes de lo que a\u00fan har\u00e1<\/span>.<\/p>\n<p style=\"text-align: center;\"><a href=\"http:\/\/www.jucumnorte.com.ar\/es\/..\/wp-content\/2011\/08\/congreso-profesores.jpg\"><img loading=\"lazy\" decoding=\"async\" class=\"aligncenter size-full wp-image-2646\" title=\"congreso-profesores\" src=\"http:\/\/www.jucumnorte.com.ar\/es\/..\/wp-content\/2011\/08\/congreso-profesores.jpg\" alt=\"\" width=\"640\" height=\"325\" srcset=\"https:\/\/www.jucumnorte.com.ar\/es\/wp-content\/uploads\/2011\/08\/congreso-profesores.jpg 640w, https:\/\/www.jucumnorte.com.ar\/es\/wp-content\/uploads\/2011\/08\/congreso-profesores-300x152.jpg 300w\" sizes=\"auto, (max-width: 640px) 100vw, 640px\" \/><\/a><\/p>\n<p style=\"text-align: center;\">&nbsp;<\/p>\n","protected":false},"excerpt":{"rendered":"<p>El pasado 6 de agosto en las instalaciones de la Misi\u00f3n se llev\u00f3 a cabo la primera jornada para docentes cristianos bajo el lema: \u201cEducaci\u00f3n, transformaci\u00f3n de vida\u201d. Estuvo compartiendo Iv\u00e1n Ruz, docente chileno que hace m\u00e1s de 20 a\u00f1os trabaja en ente ministerio. Se hicieron presente a esta convocatoria docentes de Bella Vista, de [&hellip;]<\/p>\n","protected":false},"author":1,"featured_media":0,"comment_status":"closed","ping_status":"open","sticky":false,"template":"","format":"standard","meta":{"footnotes":""},"categories":[1],"tags":[],"class_list":["post-2644","post","type-post","status-publish","format-standard","hentry","category-noticias"],"_links":{"self":[{"href":"https:\/\/www.jucumnorte.com.ar\/es\/wp-json\/wp\/v2\/posts\/2644","targetHints":{"allow":["GET"]}}],"collection":[{"href":"https:\/\/www.jucumnorte.com.ar\/es\/wp-json\/wp\/v2\/posts"}],"about":[{"href":"https:\/\/www.jucumnorte.com.ar\/es\/wp-json\/wp\/v2\/types\/post"}],"author":[{"embeddable":true,"href":"https:\/\/www.jucumnorte.com.ar\/es\/wp-json\/wp\/v2\/users\/1"}],"replies":[{"embeddable":true,"href":"https:\/\/www.jucumnorte.com.ar\/es\/wp-json\/wp\/v2\/comments?post=2644"}],"version-history":[{"count":0,"href":"https:\/\/www.jucumnorte.com.ar\/es\/wp-json\/wp\/v2\/posts\/2644\/revisions"}],"wp:attachment":[{"href":"https:\/\/www.jucumnorte.com.ar\/es\/wp-json\/wp\/v2\/media?parent=2644"}],"wp:term":[{"taxonomy":"category","embeddable":true,"href":"https:\/\/www.jucumnorte.com.ar\/es\/wp-json\/wp\/v2\/categories?post=2644"},{"taxonomy":"post_tag","embeddable":true,"href":"https:\/\/www.jucumnorte.com.ar\/es\/wp-json\/wp\/v2\/tags?post=2644"}],"curies":[{"name":"wp","href":"https:\/\/api.w.org\/{rel}","templated":true}]}}