{"id":2668,"date":"2011-08-19T12:52:33","date_gmt":"2011-08-19T15:52:33","guid":{"rendered":"http:\/\/www.jucumnorte.com.ar\/es\/?p=2668"},"modified":"2011-08-19T12:57:44","modified_gmt":"2011-08-19T15:57:44","slug":"alcanzando-a-la-sociedad-de-corrientes","status":"publish","type":"post","link":"https:\/\/www.jucumnorte.com.ar\/es\/alcanzando-a-la-sociedad-de-corrientes\/","title":{"rendered":"Alcanzando a la juventud de Corrientes"},"content":{"rendered":"<p style=\"text-align: center;\"><a href=\"http:\/\/www.jucumnorte.com.ar\/es\/..\/wp-content\/2011\/08\/evento-escuela_61.jpg\"><img loading=\"lazy\" decoding=\"async\" class=\"aligncenter size-full wp-image-2674\" title=\"evento-escuela_6\" src=\"http:\/\/www.jucumnorte.com.ar\/es\/..\/wp-content\/2011\/08\/evento-escuela_61.jpg\" alt=\"\" width=\"640\" height=\"427\" srcset=\"https:\/\/www.jucumnorte.com.ar\/es\/wp-content\/uploads\/2011\/08\/evento-escuela_61.jpg 640w, https:\/\/www.jucumnorte.com.ar\/es\/wp-content\/uploads\/2011\/08\/evento-escuela_61-300x200.jpg 300w\" sizes=\"auto, (max-width: 640px) 100vw, 640px\" \/><\/a><\/p>\n<p style=\"text-align: center;\">En este momento nos encontramos trabajando con dos proyectos nuevos a nivel social y queremos compartirlos con ustedes:<\/p>\n<p style=\"text-align: center;\"><a href=\"http:\/\/www.jucumnorte.com.ar\/es\/..\/wp-content\/2011\/08\/evento-escuela_91.jpg\"><img loading=\"lazy\" decoding=\"async\" class=\"alignleft size-full wp-image-2670\" title=\"evento-escuela_9\" src=\"http:\/\/www.jucumnorte.com.ar\/es\/..\/wp-content\/2011\/08\/evento-escuela_91.jpg\" alt=\"\" width=\"299\" height=\"448\" srcset=\"https:\/\/www.jucumnorte.com.ar\/es\/wp-content\/uploads\/2011\/08\/evento-escuela_91.jpg 299w, https:\/\/www.jucumnorte.com.ar\/es\/wp-content\/uploads\/2011\/08\/evento-escuela_91-200x300.jpg 200w\" sizes=\"auto, (max-width: 299px) 100vw, 299px\" \/><\/a>Desde Marzo de este a\u00f1o hemos comenzado a trabajar en el proyecto \u00abArte y  valores para personas con capacidades diferentes\u00bb, en el Centro  Integral para el Discapacitado\u00a0 (C.I.P.E.D.), un lugar donde realmente fue Dios que nos ha  abierto esta puerta.<br \/>\nEl fin que pretende dicho proyecto es mejorar la calidad de vida de los  menores, brindarle herramientas de arte como un medio para la  integraci\u00f3n a la sociedad y afianzar la autoestima personal de cada uno.<br \/>\nDesde que empezamos podemos ir viendo el cambio en los ni\u00f1os, como estas  actividades\u00a0producen gozo y alegr\u00eda, cambios de \u00e1nimo y de actitudes. Veamos como en cada clase es  Dios quien esta ministrando sus vidas.<\/p>\n<p style=\"text-align: center;\">Al otro lado,\u00a0Una vez m\u00e1s hemos sido sorprendidos y desafiados a invertir en una \u00e1rea de la sociedad tan importante como es la educaci\u00f3n.<\/p>\n<p style=\"text-align: center;\">Comenzamos a trabajar en el mes de agosto hasta noviembre del 2011, en el colegio secundario \u2018Cautivas Correntinas\u2019 del Barrio Pirayui donde vamos, semana por medio 2 veces, con los adolescentes y j\u00f3venes que asisten all\u00ed, en un proyecto que tiene como nombre \u2018Arte y Valores.\u2019<\/p>\n<p style=\"text-align: center;\">Consiste en ensenar y fortalecer valores morales que tienden a mejorar la autoestima, el valor y la identidad de los adolescentes en medio de su desarrollo madurativo, ps\u00edquico y emocional. Esto se logra atreves de diferentes actividades de reflexi\u00f3n y recreativas.<\/p>\n<p style=\"text-align: center;\">Este proyecto tiene como fin mejorar la calidad de vida de os adolescentes y brindarles herramientas que permiten mejorar su integraci\u00f3n a la sociedad y afianzar su autoestima personal.<\/p>\n<p><a href=\"http:\/\/www.jucumnorte.com.ar\/es\/..\/wp-content\/2011\/08\/evento-escuela_3.jpg\"><img loading=\"lazy\" decoding=\"async\" class=\"alignleft size-medium wp-image-2671\" title=\"evento-escuela_3\" src=\"http:\/\/www.jucumnorte.com.ar\/es\/..\/wp-content\/2011\/08\/evento-escuela_3-300x200.jpg\" alt=\"\" width=\"270\" height=\"180\" srcset=\"https:\/\/www.jucumnorte.com.ar\/es\/wp-content\/uploads\/2011\/08\/evento-escuela_3-300x200.jpg 300w, https:\/\/www.jucumnorte.com.ar\/es\/wp-content\/uploads\/2011\/08\/evento-escuela_3.jpg 640w\" sizes=\"auto, (max-width: 270px) 100vw, 270px\" \/><\/a><a href=\"http:\/\/www.jucumnorte.com.ar\/es\/..\/wp-content\/2011\/08\/evento-escuela_4.jpg\"><img loading=\"lazy\" decoding=\"async\" class=\"alignright size-medium wp-image-2672\" title=\"evento-escuela_4\" src=\"http:\/\/www.jucumnorte.com.ar\/es\/..\/wp-content\/2011\/08\/evento-escuela_4-300x200.jpg\" alt=\"\" width=\"270\" height=\"180\" srcset=\"https:\/\/www.jucumnorte.com.ar\/es\/wp-content\/uploads\/2011\/08\/evento-escuela_4-300x200.jpg 300w, https:\/\/www.jucumnorte.com.ar\/es\/wp-content\/uploads\/2011\/08\/evento-escuela_4.jpg 640w\" sizes=\"auto, (max-width: 270px) 100vw, 270px\" \/><\/a><\/p>\n","protected":false},"excerpt":{"rendered":"<p>En este momento nos encontramos trabajando con dos proyectos nuevos a nivel social y queremos compartirlos con ustedes: Desde Marzo de este a\u00f1o hemos comenzado a trabajar en el proyecto \u00abArte y valores para personas con capacidades diferentes\u00bb, en el Centro Integral para el Discapacitado\u00a0 (C.I.P.E.D.), un lugar donde realmente fue Dios que nos ha [&hellip;]<\/p>\n","protected":false},"author":1,"featured_media":0,"comment_status":"closed","ping_status":"open","sticky":false,"template":"","format":"standard","meta":{"footnotes":""},"categories":[3,1],"tags":[],"class_list":["post-2668","post","type-post","status-publish","format-standard","hentry","category-ministerios","category-noticias"],"_links":{"self":[{"href":"https:\/\/www.jucumnorte.com.ar\/es\/wp-json\/wp\/v2\/posts\/2668","targetHints":{"allow":["GET"]}}],"collection":[{"href":"https:\/\/www.jucumnorte.com.ar\/es\/wp-json\/wp\/v2\/posts"}],"about":[{"href":"https:\/\/www.jucumnorte.com.ar\/es\/wp-json\/wp\/v2\/types\/post"}],"author":[{"embeddable":true,"href":"https:\/\/www.jucumnorte.com.ar\/es\/wp-json\/wp\/v2\/users\/1"}],"replies":[{"embeddable":true,"href":"https:\/\/www.jucumnorte.com.ar\/es\/wp-json\/wp\/v2\/comments?post=2668"}],"version-history":[{"count":0,"href":"https:\/\/www.jucumnorte.com.ar\/es\/wp-json\/wp\/v2\/posts\/2668\/revisions"}],"wp:attachment":[{"href":"https:\/\/www.jucumnorte.com.ar\/es\/wp-json\/wp\/v2\/media?parent=2668"}],"wp:term":[{"taxonomy":"category","embeddable":true,"href":"https:\/\/www.jucumnorte.com.ar\/es\/wp-json\/wp\/v2\/categories?post=2668"},{"taxonomy":"post_tag","embeddable":true,"href":"https:\/\/www.jucumnorte.com.ar\/es\/wp-json\/wp\/v2\/tags?post=2668"}],"curies":[{"name":"wp","href":"https:\/\/api.w.org\/{rel}","templated":true}]}}