{"id":2683,"date":"2011-09-02T18:29:25","date_gmt":"2011-09-02T21:29:25","guid":{"rendered":"http:\/\/www.jucumnorte.com.ar\/es\/?p=2683"},"modified":"2011-09-02T18:40:47","modified_gmt":"2011-09-02T21:40:47","slug":"alegria-en-el-dia-del-nino","status":"publish","type":"post","link":"https:\/\/www.jucumnorte.com.ar\/es\/alegria-en-el-dia-del-nino\/","title":{"rendered":"Alegria en el &#8216;dia del ni\u00f1o.&#8217;"},"content":{"rendered":"<div>\n<div>\n<p style=\"text-align: center;\"><a href=\"http:\/\/www.jucumnorte.com.ar\/es\/..\/wp-content\/2011\/09\/diadelni\u00f1o12.jpg\"><img loading=\"lazy\" decoding=\"async\" class=\"aligncenter size-full wp-image-2684\" title=\"diadelni\u00f1o12\" src=\"http:\/\/www.jucumnorte.com.ar\/es\/..\/wp-content\/2011\/09\/diadelni\u00f1o12.jpg\" alt=\"\" width=\"640\" height=\"427\" srcset=\"https:\/\/www.jucumnorte.com.ar\/es\/wp-content\/uploads\/2011\/09\/diadelni\u00f1o12.jpg 640w, https:\/\/www.jucumnorte.com.ar\/es\/wp-content\/uploads\/2011\/09\/diadelni\u00f1o12-300x200.jpg 300w\" sizes=\"auto, (max-width: 640px) 100vw, 640px\" \/><\/a><\/p>\n<p style=\"text-align: center;\"><span style=\"font-family: Calibri; font-size: small;\">El s\u00e1bado 20 de agosto\u00a0 realizamos  un evento evangelistico celebrando \u00abel d\u00eda de ni\u00f1o\u00bb.<\/span><\/p>\n<p style=\"text-align: center;\"><span style=\"font-family: Calibri; font-size: small;\"> Contamos con la presencia no solo  de los ni\u00f1os de nuestro barrio sino tambi\u00e9n de otros barrios carenciados  de nuestra ciudad.<\/span><\/p>\n<p><span style=\"font-family: Calibri; font-size: small;\"><a href=\"http:\/\/www.jucumnorte.com.ar\/es\/..\/wp-content\/2011\/09\/diadelni\u00f1o9.jpg\"><img loading=\"lazy\" decoding=\"async\" class=\"alignleft size-medium wp-image-2685\" title=\"diadelni\u00f1o9\" src=\"http:\/\/www.jucumnorte.com.ar\/es\/..\/wp-content\/2011\/09\/diadelni\u00f1o9-300x200.jpg\" alt=\"\" width=\"270\" height=\"180\" srcset=\"https:\/\/www.jucumnorte.com.ar\/es\/wp-content\/uploads\/2011\/09\/diadelni\u00f1o9-300x200.jpg 300w, https:\/\/www.jucumnorte.com.ar\/es\/wp-content\/uploads\/2011\/09\/diadelni\u00f1o9.jpg 448w\" sizes=\"auto, (max-width: 270px) 100vw, 270px\" \/><\/a><a href=\"http:\/\/www.jucumnorte.com.ar\/es\/..\/wp-content\/2011\/09\/diadelni\u00f1o13.jpg\"><img loading=\"lazy\" decoding=\"async\" class=\"alignright size-medium wp-image-2687\" title=\"diadelni\u00f1o13\" src=\"http:\/\/www.jucumnorte.com.ar\/es\/..\/wp-content\/2011\/09\/diadelni\u00f1o13-300x200.jpg\" alt=\"\" width=\"270\" height=\"180\" srcset=\"https:\/\/www.jucumnorte.com.ar\/es\/wp-content\/uploads\/2011\/09\/diadelni\u00f1o13-300x200.jpg 300w, https:\/\/www.jucumnorte.com.ar\/es\/wp-content\/uploads\/2011\/09\/diadelni\u00f1o13.jpg 448w\" sizes=\"auto, (max-width: 270px) 100vw, 270px\" \/><\/a><br \/>\n<\/span><\/p>\n<p style=\"text-align: center;\"><span style=\"font-family: Calibri; font-size: small;\">El evento consto\u00a0 de talleres  para los ni\u00f1os los cuales estaban\u00a0 divididos en 4 edades diferentes.  El tema que se trato fue acerca de las necesidades b\u00e1sicas del ni\u00f1o  y la identidad. Se dictaron ense\u00f1anzas\u00a0 de estos temas y tambi\u00e9n  pudimos tener un tiempo de recreaci\u00f3n y juegos con los ni\u00f1os.<\/span><\/p>\n<p style=\"text-align: center;\"><span style=\"font-family: Calibri; font-size: small;\">Contamos  con la presencia de 116 ni\u00f1os  adem\u00e1s de algunas mamas que estuvieron participando.<\/span><\/p>\n<p style=\"text-align: center;\"><span style=\"font-family: Calibri; font-size: small;\"><a href=\"http:\/\/www.jucumnorte.com.ar\/es\/..\/wp-content\/2011\/09\/diadelni\u00f1o20.jpg\"><img loading=\"lazy\" decoding=\"async\" class=\"aligncenter size-full wp-image-2688\" title=\"diadelni\u00f1o20\" src=\"http:\/\/www.jucumnorte.com.ar\/es\/..\/wp-content\/2011\/09\/diadelni\u00f1o20.jpg\" alt=\"\" width=\"640\" height=\"379\" srcset=\"https:\/\/www.jucumnorte.com.ar\/es\/wp-content\/uploads\/2011\/09\/diadelni\u00f1o20.jpg 640w, https:\/\/www.jucumnorte.com.ar\/es\/wp-content\/uploads\/2011\/09\/diadelni\u00f1o20-300x177.jpg 300w\" sizes=\"auto, (max-width: 640px) 100vw, 640px\" \/><\/a><br \/>\n<\/span><\/p>\n<p style=\"text-align: center;\"><span style=\"font-family: Calibri; font-size: small;\">Para finalizar se present\u00f3 la comedia  musical llamada Welandia interpretada por el ministerio de arte, donde  cada ni\u00f1o fue ministrado en su identidad recibiendo la afirmaci\u00f3n  que Dios les da, no creyendo lo malo que algunas personas dicen de ellos  sino lo que Dios piensa. <\/span><\/p>\n<p style=\"text-align: center;\"><span style=\"font-family: Calibri; font-size: small;\">Una vez m\u00e1s pudimos ver a Dios en  la vida de cada uno de los ni\u00f1os y seguir invirtiendo en esta generaci\u00f3n  con un gran prop\u00f3sito&#8230;. seguir dando a conocer a Dios a trav\u00e9s de  su corta edad.<\/span><\/p>\n<p style=\"text-align: center;\"><span style=\"font-family: Calibri; font-size: small;\"><a href=\"http:\/\/www.jucumnorte.com.ar\/es\/..\/wp-content\/2011\/09\/diadelni\u00f1o10.jpg\"><img loading=\"lazy\" decoding=\"async\" class=\"aligncenter size-full wp-image-2689\" title=\"diadelni\u00f1o10\" src=\"http:\/\/www.jucumnorte.com.ar\/es\/..\/wp-content\/2011\/09\/diadelni\u00f1o10.jpg\" alt=\"\" width=\"640\" height=\"427\" srcset=\"https:\/\/www.jucumnorte.com.ar\/es\/wp-content\/uploads\/2011\/09\/diadelni\u00f1o10.jpg 640w, https:\/\/www.jucumnorte.com.ar\/es\/wp-content\/uploads\/2011\/09\/diadelni\u00f1o10-300x200.jpg 300w\" sizes=\"auto, (max-width: 640px) 100vw, 640px\" \/><\/a><br \/>\n<\/span><\/p>\n<\/div>\n<\/div>\n","protected":false},"excerpt":{"rendered":"<p>El s\u00e1bado 20 de agosto\u00a0 realizamos un evento evangelistico celebrando \u00abel d\u00eda de ni\u00f1o\u00bb. Contamos con la presencia no solo de los ni\u00f1os de nuestro barrio sino tambi\u00e9n de otros barrios carenciados de nuestra ciudad. El evento consto\u00a0 de talleres para los ni\u00f1os los cuales estaban\u00a0 divididos en 4 edades diferentes. El tema que se [&hellip;]<\/p>\n","protected":false},"author":1,"featured_media":0,"comment_status":"closed","ping_status":"open","sticky":false,"template":"","format":"standard","meta":{"footnotes":""},"categories":[1],"tags":[],"class_list":["post-2683","post","type-post","status-publish","format-standard","hentry","category-noticias"],"_links":{"self":[{"href":"https:\/\/www.jucumnorte.com.ar\/es\/wp-json\/wp\/v2\/posts\/2683","targetHints":{"allow":["GET"]}}],"collection":[{"href":"https:\/\/www.jucumnorte.com.ar\/es\/wp-json\/wp\/v2\/posts"}],"about":[{"href":"https:\/\/www.jucumnorte.com.ar\/es\/wp-json\/wp\/v2\/types\/post"}],"author":[{"embeddable":true,"href":"https:\/\/www.jucumnorte.com.ar\/es\/wp-json\/wp\/v2\/users\/1"}],"replies":[{"embeddable":true,"href":"https:\/\/www.jucumnorte.com.ar\/es\/wp-json\/wp\/v2\/comments?post=2683"}],"version-history":[{"count":0,"href":"https:\/\/www.jucumnorte.com.ar\/es\/wp-json\/wp\/v2\/posts\/2683\/revisions"}],"wp:attachment":[{"href":"https:\/\/www.jucumnorte.com.ar\/es\/wp-json\/wp\/v2\/media?parent=2683"}],"wp:term":[{"taxonomy":"category","embeddable":true,"href":"https:\/\/www.jucumnorte.com.ar\/es\/wp-json\/wp\/v2\/categories?post=2683"},{"taxonomy":"post_tag","embeddable":true,"href":"https:\/\/www.jucumnorte.com.ar\/es\/wp-json\/wp\/v2\/tags?post=2683"}],"curies":[{"name":"wp","href":"https:\/\/api.w.org\/{rel}","templated":true}]}}