{"id":2726,"date":"2011-09-23T16:49:39","date_gmt":"2011-09-23T19:49:39","guid":{"rendered":"http:\/\/www.jucumnorte.com.ar\/es\/?p=2726"},"modified":"2011-09-23T16:51:31","modified_gmt":"2011-09-23T19:51:31","slug":"retiro-anual-de-ministerios-red-de-kings-kids-norte","status":"publish","type":"post","link":"https:\/\/www.jucumnorte.com.ar\/es\/retiro-anual-de-ministerios-red-de-kings-kids-norte\/","title":{"rendered":"RETIRO ANUAL DE MINISTERIOS RED DE KINGS KIDS NORTE"},"content":{"rendered":"<p style=\"text-align: center;\"><a href=\"http:\/\/www.jucumnorte.com.ar\/es\/..\/wp-content\/2011\/09\/DSC00748.jpg\"><img loading=\"lazy\" decoding=\"async\" class=\"aligncenter size-full wp-image-2730\" title=\"DSC00748\" src=\"http:\/\/www.jucumnorte.com.ar\/es\/..\/wp-content\/2011\/09\/DSC00748.jpg\" alt=\"\" width=\"640\" height=\"342\" srcset=\"https:\/\/www.jucumnorte.com.ar\/es\/wp-content\/uploads\/2011\/09\/DSC00748.jpg 640w, https:\/\/www.jucumnorte.com.ar\/es\/wp-content\/uploads\/2011\/09\/DSC00748-300x160.jpg 300w\" sizes=\"auto, (max-width: 640px) 100vw, 640px\" \/><\/a><\/p>\n<p style=\"text-align: center;\">Como cada a\u00f1o Grupos de Lideres y Adolescentes llegaron con sus mochilas, bolsas de dormir y muchas expectativas de este Encuentro buscando el coraz\u00f3n de Dios como seguir avanzando y creciendo en los a\u00f1os que nos siguen&#8230;..llegaron desde Alem, Posadas, Apostoles, Virasoro y Corrientes repletos de gozo por encontrar a los compa\u00f1eros y amigos en el Ministerio de Kings Kids&#8230;<br \/>\nEn esta oportunidad contamos con la grata presencia de Walter Luna, parte del Equipo de Liderazgo de Kings Kids Argentina y Director de dicho Ministerio para Bolivia, Paraguay Uruguay, Chile y Argentina., con un profundo amor y pasi\u00f3n por ver a esta Generaci\u00f3n comprometida con nuestro Dios. Nos ministro una palabra fresca y renovada de parte del Esp\u00edritu Santo quien se hizo sentir en cada actividad desarollada durante 16,17 y 18 de Septiembre. Tambi\u00e9n como cada Encuentro somos desafiados a dar TODO, INVERTIR en esta Generaci\u00f3n, hicimos la agenda y quedamos comprometidos a participar del EVENTO INTERNACIONAL en enero del 2012 en Buenos Aires, donde recibiremos a ni\u00f1os y adolescentes a nuestro RETIRO DEL CONO SUR&#8230;<\/p>\n<p style=\"text-align: center;\"><a href=\"http:\/\/www.jucumnorte.com.ar\/es\/..\/wp-content\/2011\/09\/DSC00804.jpg\"><img loading=\"lazy\" decoding=\"async\" class=\"aligncenter size-full wp-image-2727\" title=\"DSC00804\" src=\"http:\/\/www.jucumnorte.com.ar\/es\/..\/wp-content\/2011\/09\/DSC00804.jpg\" alt=\"\" width=\"640\" height=\"322\" srcset=\"https:\/\/www.jucumnorte.com.ar\/es\/wp-content\/uploads\/2011\/09\/DSC00804.jpg 640w, https:\/\/www.jucumnorte.com.ar\/es\/wp-content\/uploads\/2011\/09\/DSC00804-300x150.jpg 300w\" sizes=\"auto, (max-width: 640px) 100vw, 640px\" \/><\/a><\/p>\n<p>&#8230;OTRO SUCESO&#8230;15 A\u00d1OS DE KINGS KIDS NORTE<\/p>\n<p>Entre risas, recuerdos, an\u00e9cdotas, historias alegres y dif\u00edciles (pero que nos hicieron crecer), regalos, lagrimas CELEBRAMOS TODOS ESTOS A\u00d1OS DE LA FIDELIDAD de nuestro DIOS quien es DIGNO DE TODA NUESTRA ALABANZA!!<br \/>\nAGRADECEMOS a los que hicieron historia en los a\u00f1os 1996 eran ni\u00f1os y adolescentes, a los lideres pioneros, a los padres que confiaron&#8230;a los jucumeros que obedecieron en dar el PASO sin VER NADA&#8230;.GRACIAS porque lo han jugado todo para ver que este sue\u00f1o se hace realidad!<\/p>\n<p style=\"text-align: center;\">&#8230;Y hoy 2011 Agradecemos a los que siguen creyendo en esta GENERACION, Marcando vidas, muchos dicen que los ni\u00f1os y adolescentes son el futuro, y es verdad, lo son pero tambi\u00e9n son el presente, y hoy en d\u00eda Dios puede usar sus vidas para impactar a otros hasta el punto de afectar a todo una sociedad o una naci\u00f3n. GRACIAS Norma, Facundo, Vanesa, Alejandro, Yanina, Matias, Alejandra, Jimena, Juan Marcos, Mar\u00eda Jos\u00e9 y Filipe&#8230;Que Dios renueve sus fuerzas por muchos a\u00f1os m\u00e1s!! Gracias porque sus vidas est\u00e1n dejando huellas!<\/p>\n<blockquote>\n<p style=\"text-align: center;\">Y sobre todo damos gracias a Dios por su inmenso fidelidad durante todo este tiempo, siempre nos ha sostenido y sin duda sabemos que todo ha sido por \u00c9l y para El!<\/p>\n<\/blockquote>\n<p>&nbsp;<\/p>\n<p style=\"text-align: center;\"><a href=\"http:\/\/www.jucumnorte.com.ar\/es\/..\/wp-content\/2011\/09\/DSC00752.jpg\"><img loading=\"lazy\" decoding=\"async\" class=\"aligncenter size-full wp-image-2728\" title=\"DSC00752\" src=\"http:\/\/www.jucumnorte.com.ar\/es\/..\/wp-content\/2011\/09\/DSC00752.jpg\" alt=\"\" width=\"640\" height=\"312\" srcset=\"https:\/\/www.jucumnorte.com.ar\/es\/wp-content\/uploads\/2011\/09\/DSC00752.jpg 640w, https:\/\/www.jucumnorte.com.ar\/es\/wp-content\/uploads\/2011\/09\/DSC00752-300x146.jpg 300w\" sizes=\"auto, (max-width: 640px) 100vw, 640px\" \/><\/a><\/p>\n<p style=\"text-align: center;\"><a href=\"http:\/\/www.jucumnorte.com.ar\/es\/..\/wp-content\/2011\/09\/DSC00836.jpg\"><img loading=\"lazy\" decoding=\"async\" class=\"aligncenter size-full wp-image-2729\" title=\"DSC00836\" src=\"http:\/\/www.jucumnorte.com.ar\/es\/..\/wp-content\/2011\/09\/DSC00836.jpg\" alt=\"\" width=\"336\" height=\"448\" srcset=\"https:\/\/www.jucumnorte.com.ar\/es\/wp-content\/uploads\/2011\/09\/DSC00836.jpg 336w, https:\/\/www.jucumnorte.com.ar\/es\/wp-content\/uploads\/2011\/09\/DSC00836-224x300.jpg 224w\" sizes=\"auto, (max-width: 336px) 100vw, 336px\" \/><\/a><\/p>\n","protected":false},"excerpt":{"rendered":"<p>Como cada a\u00f1o Grupos de Lideres y Adolescentes llegaron con sus mochilas, bolsas de dormir y muchas expectativas de este Encuentro buscando el coraz\u00f3n de Dios como seguir avanzando y creciendo en los a\u00f1os que nos siguen&#8230;..llegaron desde Alem, Posadas, Apostoles, Virasoro y Corrientes repletos de gozo por encontrar a los compa\u00f1eros y amigos en [&hellip;]<\/p>\n","protected":false},"author":1,"featured_media":0,"comment_status":"closed","ping_status":"open","sticky":false,"template":"","format":"standard","meta":{"footnotes":""},"categories":[1],"tags":[],"class_list":["post-2726","post","type-post","status-publish","format-standard","hentry","category-noticias"],"_links":{"self":[{"href":"https:\/\/www.jucumnorte.com.ar\/es\/wp-json\/wp\/v2\/posts\/2726","targetHints":{"allow":["GET"]}}],"collection":[{"href":"https:\/\/www.jucumnorte.com.ar\/es\/wp-json\/wp\/v2\/posts"}],"about":[{"href":"https:\/\/www.jucumnorte.com.ar\/es\/wp-json\/wp\/v2\/types\/post"}],"author":[{"embeddable":true,"href":"https:\/\/www.jucumnorte.com.ar\/es\/wp-json\/wp\/v2\/users\/1"}],"replies":[{"embeddable":true,"href":"https:\/\/www.jucumnorte.com.ar\/es\/wp-json\/wp\/v2\/comments?post=2726"}],"version-history":[{"count":0,"href":"https:\/\/www.jucumnorte.com.ar\/es\/wp-json\/wp\/v2\/posts\/2726\/revisions"}],"wp:attachment":[{"href":"https:\/\/www.jucumnorte.com.ar\/es\/wp-json\/wp\/v2\/media?parent=2726"}],"wp:term":[{"taxonomy":"category","embeddable":true,"href":"https:\/\/www.jucumnorte.com.ar\/es\/wp-json\/wp\/v2\/categories?post=2726"},{"taxonomy":"post_tag","embeddable":true,"href":"https:\/\/www.jucumnorte.com.ar\/es\/wp-json\/wp\/v2\/tags?post=2726"}],"curies":[{"name":"wp","href":"https:\/\/api.w.org\/{rel}","templated":true}]}}