{"id":3016,"date":"2012-02-04T18:44:51","date_gmt":"2012-02-04T21:44:51","guid":{"rendered":"http:\/\/www.jucumnorte.com.ar\/es\/?p=3016"},"modified":"2012-02-04T18:44:51","modified_gmt":"2012-02-04T21:44:51","slug":"equipo-de-costa-rica","status":"publish","type":"post","link":"https:\/\/www.jucumnorte.com.ar\/es\/equipo-de-costa-rica\/","title":{"rendered":"Equipo de Costa Rica"},"content":{"rendered":"<p style=\"text-align: center;\">Durante el mes de enero tuvimos el privilegio de poder recibir el primer equipo de EDE que ha salido de una base JuCUMera nueva que se abrio en Guanacaste, Costa Rica. Este equipo, con integrantes de los Estados Unidos, Nicaragua, Costa Rica, y lideres de Finlandia y Suecia, ser\u00e1n el primer grupo que \u00a0se gradu\u00e9 de la EDE en esta base del noreste de Costa Rica.<\/p>\n<p style=\"text-align: center;\"><a href=\"http:\/\/www.jucumnorte.com.ar\/es\/..\/wp-content\/2012\/02\/equipo-costa-rica-2.jpg\"><img loading=\"lazy\" decoding=\"async\" class=\"aligncenter size-full wp-image-3019\" title=\"equipo costa rica 2\" src=\"http:\/\/www.jucumnorte.com.ar\/es\/..\/wp-content\/2012\/02\/equipo-costa-rica-2.jpg\" alt=\"\" width=\"628\" height=\"326\" srcset=\"https:\/\/www.jucumnorte.com.ar\/es\/wp-content\/uploads\/2012\/02\/equipo-costa-rica-2.jpg 628w, https:\/\/www.jucumnorte.com.ar\/es\/wp-content\/uploads\/2012\/02\/equipo-costa-rica-2-300x155.jpg 300w\" sizes=\"auto, (max-width: 628px) 100vw, 628px\" \/><\/a><\/p>\n<p style=\"text-align: center;\">El equipo viajo hacia Buenos aires para poder pasar el primer mes de su tiempo practico y luego completo el tiempo restante aqu\u00ed con nosotros en Corrientes. Mientras que estuvieron aqu\u00ed, compartieron con la Iglesia Centro Familiar, a traves de visitas a las familias y los j\u00f3venes que se congregan en la iglesia, compartieron testimonios de sus vidas y as\u00ed tambi\u00e9n animaron a todos a seguir caminando con el Se\u00f1or\u00a0 aun cuando uno pase por tiempos dif\u00edciles. Como parte del los cultos tambi\u00e9n compartieron\u00a0 devocionales y nos deleitaron con obras de teatro los cuales se enfocaron en valores b\u00edblicos y tambi\u00e9n sobre la salvaci\u00f3n.<\/p>\n<p style=\"text-align: center;\"><a href=\"http:\/\/www.jucumnorte.com.ar\/es\/..\/wp-content\/2012\/02\/equipo-costa-rica-1.jpg\"><img loading=\"lazy\" decoding=\"async\" class=\"aligncenter size-full wp-image-3017\" title=\"equipo costa rica 1\" src=\"http:\/\/www.jucumnorte.com.ar\/es\/..\/wp-content\/2012\/02\/equipo-costa-rica-1.jpg\" alt=\"\" width=\"615\" height=\"367\" srcset=\"https:\/\/www.jucumnorte.com.ar\/es\/wp-content\/uploads\/2012\/02\/equipo-costa-rica-1.jpg 615w, https:\/\/www.jucumnorte.com.ar\/es\/wp-content\/uploads\/2012\/02\/equipo-costa-rica-1-300x179.jpg 300w\" sizes=\"auto, (max-width: 615px) 100vw, 615px\" \/><\/a><\/p>\n<p style=\"text-align: center;\">Adem\u00e1s tuvieron \u00a0la oportunidad de cruzar el rio Paran\u00e1 y compartir un tiempo en la ciudad de Resistencia, Chaco, donde estuvieron trabajando con el Pastor Marino, un Chileno quien hace 25 a\u00f1os ha estado invirtiendo en ese lugar. Presentaron obras de teatro, predicaron y ministraron y\u00a0 sobre todo fue un tiempo de gran bendici\u00f3n tanto para ellos como para el Pastor y su Iglesia.<\/p>\n<p style=\"text-align: center;\"><a href=\"http:\/\/www.jucumnorte.com.ar\/es\/..\/wp-content\/2012\/02\/Costa-Rica-team-3.jpg\"><img loading=\"lazy\" decoding=\"async\" class=\"aligncenter size-full wp-image-3018\" title=\"Costa Rica team 3\" src=\"http:\/\/www.jucumnorte.com.ar\/es\/..\/wp-content\/2012\/02\/Costa-Rica-team-3.jpg\" alt=\"\" width=\"640\" height=\"270\" srcset=\"https:\/\/www.jucumnorte.com.ar\/es\/wp-content\/uploads\/2012\/02\/Costa-Rica-team-3.jpg 640w, https:\/\/www.jucumnorte.com.ar\/es\/wp-content\/uploads\/2012\/02\/Costa-Rica-team-3-300x126.jpg 300w\" sizes=\"auto, (max-width: 640px) 100vw, 640px\" \/><\/a><\/p>\n<p style=\"text-align: center;\">Al finalizar \u00a0su tiempo aqu\u00ed fue muy evidente que todos los que estuvieron presente fueron bendecidos por la visita de este equipo, los de Argentina y tambi\u00e9n los de Costa Rica. Durante su \u00faltima noche en Corrientes se comparti\u00f3 la gran alegr\u00eda que tienen al poder ver todo lo que Dios hizo en y atreves de la vida de cada integrante del equipo. \u00a0Aunque hay cierta tristeza en tener que despedir a nuestros nuevos amigos de Costa Rica estamos m\u00e1s que agradecidos a Dios por todo lo que nos permiti\u00f3 vivir en este tiempo y tambi\u00e9n por ver Su provisi\u00f3n en el equipo para que pudieron llegar hasta aqu\u00ed! Dios es bueno!<\/p>\n","protected":false},"excerpt":{"rendered":"<p>Durante el mes de enero tuvimos el privilegio de poder recibir el primer equipo de EDE que ha salido de una base JuCUMera nueva que se abrio en Guanacaste, Costa Rica. Este equipo, con integrantes de los Estados Unidos, Nicaragua, Costa Rica, y lideres de Finlandia y Suecia, ser\u00e1n el primer grupo que \u00a0se gradu\u00e9 [&hellip;]<\/p>\n","protected":false},"author":1,"featured_media":0,"comment_status":"closed","ping_status":"open","sticky":false,"template":"","format":"standard","meta":{"footnotes":""},"categories":[1],"tags":[],"class_list":["post-3016","post","type-post","status-publish","format-standard","hentry","category-noticias"],"_links":{"self":[{"href":"https:\/\/www.jucumnorte.com.ar\/es\/wp-json\/wp\/v2\/posts\/3016","targetHints":{"allow":["GET"]}}],"collection":[{"href":"https:\/\/www.jucumnorte.com.ar\/es\/wp-json\/wp\/v2\/posts"}],"about":[{"href":"https:\/\/www.jucumnorte.com.ar\/es\/wp-json\/wp\/v2\/types\/post"}],"author":[{"embeddable":true,"href":"https:\/\/www.jucumnorte.com.ar\/es\/wp-json\/wp\/v2\/users\/1"}],"replies":[{"embeddable":true,"href":"https:\/\/www.jucumnorte.com.ar\/es\/wp-json\/wp\/v2\/comments?post=3016"}],"version-history":[{"count":0,"href":"https:\/\/www.jucumnorte.com.ar\/es\/wp-json\/wp\/v2\/posts\/3016\/revisions"}],"wp:attachment":[{"href":"https:\/\/www.jucumnorte.com.ar\/es\/wp-json\/wp\/v2\/media?parent=3016"}],"wp:term":[{"taxonomy":"category","embeddable":true,"href":"https:\/\/www.jucumnorte.com.ar\/es\/wp-json\/wp\/v2\/categories?post=3016"},{"taxonomy":"post_tag","embeddable":true,"href":"https:\/\/www.jucumnorte.com.ar\/es\/wp-json\/wp\/v2\/tags?post=3016"}],"curies":[{"name":"wp","href":"https:\/\/api.w.org\/{rel}","templated":true}]}}