{"id":3125,"date":"2012-03-16T17:04:52","date_gmt":"2012-03-16T20:04:52","guid":{"rendered":"http:\/\/www.jucumnorte.com.ar\/es\/?p=3125"},"modified":"2012-03-16T17:05:48","modified_gmt":"2012-03-16T20:05:48","slug":"8-de-marzo-dia-de-la-mujer","status":"publish","type":"post","link":"https:\/\/www.jucumnorte.com.ar\/es\/8-de-marzo-dia-de-la-mujer\/","title":{"rendered":"8 de Marzo D\u00eda de la Mujer"},"content":{"rendered":"<p><span style=\"text-decoration: underline;\"><a href=\"http:\/\/www.jucumnorte.com.ar\/es\/..\/wp-content\/2012\/03\/D\u00eda-de-la-mujer-3.jpg\"><img loading=\"lazy\" decoding=\"async\" class=\"aligncenter size-full wp-image-3126\" title=\"D\u00eda de la mujer 3\" src=\"http:\/\/www.jucumnorte.com.ar\/es\/..\/wp-content\/2012\/03\/D\u00eda-de-la-mujer-3.jpg\" alt=\"\" width=\"448\" height=\"258\" srcset=\"https:\/\/www.jucumnorte.com.ar\/es\/wp-content\/uploads\/2012\/03\/D\u00eda-de-la-mujer-3.jpg 448w, https:\/\/www.jucumnorte.com.ar\/es\/wp-content\/uploads\/2012\/03\/D\u00eda-de-la-mujer-3-300x172.jpg 300w\" sizes=\"auto, (max-width: 448px) 100vw, 448px\" \/><\/a><\/span><\/p>\n<p>El jueves 8 de Marzo\u00a0 homenajeamos\u00a0 a\u00a0 aproximadamente 40 mujeres de Barrio Pirayui- Corrientes, este agasajo fue entre 10am y 13pm y tuvo varias actividades como manicura (u\u00f1as) depilaci\u00f3n, limpieza de cutis, maquillaje, cortes, peinados adem\u00e1s mesas informativas con diferentes tem\u00e1ticas que la mujer est\u00e1 pasando en este tiempo como Identidad, Bulimia \u2013 Anorexia , entre otros. Todo esto fue para que cada una de ellas se sienta querida y valorada por quien es.\u00a0 Una Mujer \u00danica.<\/p>\n<p><a href=\"http:\/\/www.jucumnorte.com.ar\/es\/..\/wp-content\/2012\/03\/D\u00eda-de-la-mujer-5.jpg\"><img loading=\"lazy\" decoding=\"async\" class=\"aligncenter size-full wp-image-3127\" title=\"D\u00eda de la mujer 5\" src=\"http:\/\/www.jucumnorte.com.ar\/es\/..\/wp-content\/2012\/03\/D\u00eda-de-la-mujer-5.jpg\" alt=\"\" width=\"448\" height=\"336\" srcset=\"https:\/\/www.jucumnorte.com.ar\/es\/wp-content\/uploads\/2012\/03\/D\u00eda-de-la-mujer-5.jpg 448w, https:\/\/www.jucumnorte.com.ar\/es\/wp-content\/uploads\/2012\/03\/D\u00eda-de-la-mujer-5-300x224.jpg 300w\" sizes=\"auto, (max-width: 448px) 100vw, 448px\" \/><\/a><\/p>\n<p>Este mismo d\u00eda a las 20:30hs formamos parte de un evento realizado por el Consejo de la Mujer \u2013Gobierno de Corrientes\u00a0 y\u00a0 ONG JuCUM Corrientes, en Club Regatas, \u00a0dicho evento antes mencionado conto con la participaci\u00f3n de la Cantante Mexicana Lizzy Gastelum la cual fue v\u00edctima de Violencia de Genero ella dio testimonio de que se puede salir y superar este tipo de mal trato.<\/p>\n<p><a href=\"http:\/\/www.jucumnorte.com.ar\/es\/..\/wp-content\/2012\/03\/D\u00eda-de-la-mujer-2.jpg\"><img loading=\"lazy\" decoding=\"async\" class=\"aligncenter size-full wp-image-3128\" title=\"D\u00eda de la mujer 2\" src=\"http:\/\/www.jucumnorte.com.ar\/es\/..\/wp-content\/2012\/03\/D\u00eda-de-la-mujer-2.jpg\" alt=\"\" width=\"448\" height=\"241\" srcset=\"https:\/\/www.jucumnorte.com.ar\/es\/wp-content\/uploads\/2012\/03\/D\u00eda-de-la-mujer-2.jpg 448w, https:\/\/www.jucumnorte.com.ar\/es\/wp-content\/uploads\/2012\/03\/D\u00eda-de-la-mujer-2-300x161.jpg 300w\" sizes=\"auto, (max-width: 448px) 100vw, 448px\" \/><\/a><\/p>\n<p>&nbsp;<\/p>\n<p><a href=\"http:\/\/www.jucumnorte.com.ar\/es\/..\/wp-content\/2012\/03\/D\u00eda-de-la-mujer-4.jpg\"><img loading=\"lazy\" decoding=\"async\" class=\"aligncenter size-full wp-image-3129\" title=\"D\u00eda de la mujer 4\" src=\"http:\/\/www.jucumnorte.com.ar\/es\/..\/wp-content\/2012\/03\/D\u00eda-de-la-mujer-4.jpg\" alt=\"\" width=\"448\" height=\"258\" srcset=\"https:\/\/www.jucumnorte.com.ar\/es\/wp-content\/uploads\/2012\/03\/D\u00eda-de-la-mujer-4.jpg 448w, https:\/\/www.jucumnorte.com.ar\/es\/wp-content\/uploads\/2012\/03\/D\u00eda-de-la-mujer-4-300x172.jpg 300w\" sizes=\"auto, (max-width: 448px) 100vw, 448px\" \/><\/a><\/p>\n<p>Asistieron aproximadamente 250 mujeres que fueron ministradas cada una de ellas y muchas de ellas est\u00e1n dispuestas a seguir asistiendo a charlas de diferentes tem\u00e1ticas a las que se quiere llegar a reunirlas una vez al mes para tener un contacto directo con cada una de las mujeres y hombres interesados ya que se enfoc\u00f3 no solo a la mujer sino tambi\u00e9n al \u00e1mbito familiar.<\/p>\n<p><a href=\"http:\/\/www.jucumnorte.com.ar\/es\/..\/wp-content\/2012\/03\/Dia-de-la-mujer-1.jpg\"><img loading=\"lazy\" decoding=\"async\" class=\"aligncenter size-full wp-image-3130\" title=\"Dia de la mujer 1\" src=\"http:\/\/www.jucumnorte.com.ar\/es\/..\/wp-content\/2012\/03\/Dia-de-la-mujer-1.jpg\" alt=\"\" width=\"448\" height=\"218\" srcset=\"https:\/\/www.jucumnorte.com.ar\/es\/wp-content\/uploads\/2012\/03\/Dia-de-la-mujer-1.jpg 448w, https:\/\/www.jucumnorte.com.ar\/es\/wp-content\/uploads\/2012\/03\/Dia-de-la-mujer-1-300x145.jpg 300w\" sizes=\"auto, (max-width: 448px) 100vw, 448px\" \/><\/a><\/p>\n<p>&nbsp;<\/p>\n","protected":false},"excerpt":{"rendered":"<p>El jueves 8 de Marzo\u00a0 homenajeamos\u00a0 a\u00a0 aproximadamente 40 mujeres de Barrio Pirayui- Corrientes, este agasajo fue entre 10am y 13pm y tuvo varias actividades como manicura (u\u00f1as) depilaci\u00f3n, limpieza de cutis, maquillaje, cortes, peinados adem\u00e1s mesas informativas con diferentes tem\u00e1ticas que la mujer est\u00e1 pasando en este tiempo como Identidad, Bulimia \u2013 Anorexia , [&hellip;]<\/p>\n","protected":false},"author":1,"featured_media":0,"comment_status":"closed","ping_status":"open","sticky":false,"template":"","format":"standard","meta":{"footnotes":""},"categories":[1],"tags":[],"class_list":["post-3125","post","type-post","status-publish","format-standard","hentry","category-noticias"],"_links":{"self":[{"href":"https:\/\/www.jucumnorte.com.ar\/es\/wp-json\/wp\/v2\/posts\/3125","targetHints":{"allow":["GET"]}}],"collection":[{"href":"https:\/\/www.jucumnorte.com.ar\/es\/wp-json\/wp\/v2\/posts"}],"about":[{"href":"https:\/\/www.jucumnorte.com.ar\/es\/wp-json\/wp\/v2\/types\/post"}],"author":[{"embeddable":true,"href":"https:\/\/www.jucumnorte.com.ar\/es\/wp-json\/wp\/v2\/users\/1"}],"replies":[{"embeddable":true,"href":"https:\/\/www.jucumnorte.com.ar\/es\/wp-json\/wp\/v2\/comments?post=3125"}],"version-history":[{"count":0,"href":"https:\/\/www.jucumnorte.com.ar\/es\/wp-json\/wp\/v2\/posts\/3125\/revisions"}],"wp:attachment":[{"href":"https:\/\/www.jucumnorte.com.ar\/es\/wp-json\/wp\/v2\/media?parent=3125"}],"wp:term":[{"taxonomy":"category","embeddable":true,"href":"https:\/\/www.jucumnorte.com.ar\/es\/wp-json\/wp\/v2\/categories?post=3125"},{"taxonomy":"post_tag","embeddable":true,"href":"https:\/\/www.jucumnorte.com.ar\/es\/wp-json\/wp\/v2\/tags?post=3125"}],"curies":[{"name":"wp","href":"https:\/\/api.w.org\/{rel}","templated":true}]}}