{"id":3486,"date":"2012-07-25T23:31:25","date_gmt":"2012-07-26T02:31:25","guid":{"rendered":"http:\/\/www.jucumnorte.com.ar\/es\/?p=3486"},"modified":"2012-07-26T18:15:15","modified_gmt":"2012-07-26T21:15:15","slug":"cruzada-equipos-moviles-misioneros","status":"publish","type":"post","link":"https:\/\/www.jucumnorte.com.ar\/es\/cruzada-equipos-moviles-misioneros\/","title":{"rendered":"Salida EQUIPOS MOVILES MISIONEROS."},"content":{"rendered":"<p>El ministerio de equipos m\u00f3viles misionero estuvo desde el 19 al 22 de cruzada en las localidades de Florencia y Rab\u00f3n en la provincia de Santa fe, un equipo Dirigido por David Colamai de 7 obreros de la base que trabajan en diferentes ministerios\u00a0 se tom\u00f3 un alto en sus responsabilidades para ser parte de lo que Dios esta haciendo en estos lugares.<\/p>\n<p><a href=\"http:\/\/www.jucumnorte.com.ar\/es\/..\/wp-content\/2012\/07\/SAM_7481.jpg\"><img loading=\"lazy\" decoding=\"async\" class=\"aligncenter size-full wp-image-3487\" title=\"SAM_7481\" src=\"http:\/\/www.jucumnorte.com.ar\/es\/..\/wp-content\/2012\/07\/SAM_7481.jpg\" alt=\"\" width=\"640\" height=\"390\" srcset=\"https:\/\/www.jucumnorte.com.ar\/es\/wp-content\/uploads\/2012\/07\/SAM_7481.jpg 640w, https:\/\/www.jucumnorte.com.ar\/es\/wp-content\/uploads\/2012\/07\/SAM_7481-300x182.jpg 300w\" sizes=\"auto, (max-width: 640px) 100vw, 640px\" \/><\/a><\/p>\n<p>Se estuvo trabajando con los j\u00f3venes de la iglesia con evangelismo en la plaza de Florencia teniendo obras de teatros para ni\u00f1os con payasitos y m\u00fasica, pudimos compartir del amor de Jes\u00fas a muchos j\u00f3venes que all\u00ed estaban.<\/p>\n<p>El equipo desarrollo diferentes actividades dentro de la iglesia predicando la palabra \u00a0y dirigiendo la alabanza , llevando as\u00ed un tiempo de mucho refrigerio tanto para los pastores como para la la congregaci\u00f3n en General.<\/p>\n<p><a href=\"http:\/\/www.jucumnorte.com.ar\/es\/..\/wp-content\/2012\/07\/SAM_77201.jpg\"><img loading=\"lazy\" decoding=\"async\" class=\"aligncenter size-full wp-image-3490\" title=\"SAM_7720\" src=\"http:\/\/www.jucumnorte.com.ar\/es\/..\/wp-content\/2012\/07\/SAM_77201.jpg\" alt=\"\" width=\"640\" height=\"480\" srcset=\"https:\/\/www.jucumnorte.com.ar\/es\/wp-content\/uploads\/2012\/07\/SAM_77201.jpg 640w, https:\/\/www.jucumnorte.com.ar\/es\/wp-content\/uploads\/2012\/07\/SAM_77201-300x225.jpg 300w\" sizes=\"auto, (max-width: 640px) 100vw, 640px\" \/><\/a><\/p>\n<p><a href=\"http:\/\/www.jucumnorte.com.ar\/es\/..\/wp-content\/2012\/07\/SAM_77181.jpg\"><img loading=\"lazy\" decoding=\"async\" class=\"aligncenter size-full wp-image-3491\" title=\"SAM_7718\" src=\"http:\/\/www.jucumnorte.com.ar\/es\/..\/wp-content\/2012\/07\/SAM_77181.jpg\" alt=\"\" width=\"640\" height=\"480\" srcset=\"https:\/\/www.jucumnorte.com.ar\/es\/wp-content\/uploads\/2012\/07\/SAM_77181.jpg 640w, https:\/\/www.jucumnorte.com.ar\/es\/wp-content\/uploads\/2012\/07\/SAM_77181-300x225.jpg 300w\" sizes=\"auto, (max-width: 640px) 100vw, 640px\" \/><\/a><\/p>\n<p>El Domingo se hizo una jornada juvenil con los chicos de la congregaci\u00f3n de Rab\u00f3n, que llev\u00f3 como lema \u201cEsfu\u00e9rzate y se Valiente\u201d inspirado en Josu\u00e9 1:9, \u00a0se dio una palabra de animo y exhortaci\u00f3n a los presente de perseverar en medio de las dificultades presente en este mundo, tambi\u00e9n hablaron sobre sexualidad a los j\u00f3venes y adolecentes, reflexionando sobre el por que Dios nos les pide guardarse hasta el matrimonio.<\/p>\n<p><a href=\"http:\/\/www.jucumnorte.com.ar\/es\/..\/wp-content\/2012\/07\/SAM_7808.jpg\"><img loading=\"lazy\" decoding=\"async\" class=\"aligncenter size-full wp-image-3493\" title=\"SAM_7808\" src=\"http:\/\/www.jucumnorte.com.ar\/es\/..\/wp-content\/2012\/07\/SAM_7808.jpg\" alt=\"\" width=\"640\" height=\"480\" srcset=\"https:\/\/www.jucumnorte.com.ar\/es\/wp-content\/uploads\/2012\/07\/SAM_7808.jpg 640w, https:\/\/www.jucumnorte.com.ar\/es\/wp-content\/uploads\/2012\/07\/SAM_7808-300x225.jpg 300w\" sizes=\"auto, (max-width: 640px) 100vw, 640px\" \/><\/a><\/p>\n<p>Para el equipo fue toda una experiencia enriquecedora de servicio y crecimiento quedando todos muy animados por Dios por lo que el Hizo durante este tiempo.<\/p>\n","protected":false},"excerpt":{"rendered":"<p>El ministerio de equipos m\u00f3viles misionero estuvo desde el 19 al 22 de cruzada en las localidades de Florencia y Rab\u00f3n en la provincia de Santa fe, un equipo Dirigido por David Colamai de 7 obreros de la base que trabajan en diferentes ministerios\u00a0 se tom\u00f3 un alto en sus responsabilidades para ser parte de [&hellip;]<\/p>\n","protected":false},"author":1,"featured_media":0,"comment_status":"closed","ping_status":"open","sticky":false,"template":"","format":"standard","meta":{"footnotes":""},"categories":[1],"tags":[],"class_list":["post-3486","post","type-post","status-publish","format-standard","hentry","category-noticias"],"_links":{"self":[{"href":"https:\/\/www.jucumnorte.com.ar\/es\/wp-json\/wp\/v2\/posts\/3486","targetHints":{"allow":["GET"]}}],"collection":[{"href":"https:\/\/www.jucumnorte.com.ar\/es\/wp-json\/wp\/v2\/posts"}],"about":[{"href":"https:\/\/www.jucumnorte.com.ar\/es\/wp-json\/wp\/v2\/types\/post"}],"author":[{"embeddable":true,"href":"https:\/\/www.jucumnorte.com.ar\/es\/wp-json\/wp\/v2\/users\/1"}],"replies":[{"embeddable":true,"href":"https:\/\/www.jucumnorte.com.ar\/es\/wp-json\/wp\/v2\/comments?post=3486"}],"version-history":[{"count":0,"href":"https:\/\/www.jucumnorte.com.ar\/es\/wp-json\/wp\/v2\/posts\/3486\/revisions"}],"wp:attachment":[{"href":"https:\/\/www.jucumnorte.com.ar\/es\/wp-json\/wp\/v2\/media?parent=3486"}],"wp:term":[{"taxonomy":"category","embeddable":true,"href":"https:\/\/www.jucumnorte.com.ar\/es\/wp-json\/wp\/v2\/categories?post=3486"},{"taxonomy":"post_tag","embeddable":true,"href":"https:\/\/www.jucumnorte.com.ar\/es\/wp-json\/wp\/v2\/tags?post=3486"}],"curies":[{"name":"wp","href":"https:\/\/api.w.org\/{rel}","templated":true}]}}