{"id":3500,"date":"2012-08-02T12:05:33","date_gmt":"2012-08-02T15:05:33","guid":{"rendered":"http:\/\/www.jucumnorte.com.ar\/es\/?p=3500"},"modified":"2012-08-02T12:05:33","modified_gmt":"2012-08-02T15:05:33","slug":"segunda-jornada-para-docentes-cristianos","status":"publish","type":"post","link":"https:\/\/www.jucumnorte.com.ar\/es\/segunda-jornada-para-docentes-cristianos\/","title":{"rendered":"Segunda jornada para docentes Cristianos"},"content":{"rendered":"<p style=\"text-align: center;\"><a href=\"http:\/\/www.jucumnorte.com.ar\/es\/..\/wp-content\/2012\/08\/folleto.jpg\"><img loading=\"lazy\" decoding=\"async\" class=\"aligncenter size-full wp-image-3501\" title=\"folleto\" src=\"http:\/\/www.jucumnorte.com.ar\/es\/..\/wp-content\/2012\/08\/folleto.jpg\" alt=\"\" width=\"640\" height=\"446\" srcset=\"https:\/\/www.jucumnorte.com.ar\/es\/wp-content\/uploads\/2012\/08\/folleto.jpg 640w, https:\/\/www.jucumnorte.com.ar\/es\/wp-content\/uploads\/2012\/08\/folleto-300x209.jpg 300w\" sizes=\"auto, (max-width: 640px) 100vw, 640px\" \/><\/a><\/p>\n<blockquote>\n<p style=\"text-align: center;\">\u201cEducaci\u00f3n: Transformaci\u00f3n de vida\u201d<br \/>\nUn a\u00f1o ya ha transcurrido de aquella jornada en agosto, la cual nos convocaba bajo una cosmovisi\u00f3n<br \/>\nb\u00edblica. Donde no s\u00f3lo escuchamos reflexiones sino que nos permiti\u00f3 repensar nuestras pr\u00e1cticas docentes<br \/>\na la luz de la Palabra de Dios, replantearnos los fundamentos, en los cuales basamos nuestra ense\u00f1anza<br \/>\ny profesi\u00f3n. Como as\u00ed tambi\u00e9n un tiempo de compartir con otros colegas de otras provincias y ciudades.<br \/>\nEn tal ocasi\u00f3n contamos con la presencia del Sr. Iv\u00e1n Ruz, Docente, Director, Licenciado en Educaci\u00f3n,<br \/>\nMag\u00edster en Educaci\u00f3n con menci\u00f3n en Gesti\u00f3n Educacional del vecino pa\u00eds de Chile. Muchas riquezas<br \/>\nquedaron pendientes por lo cual nos sentimos desafiados a realizar el segundo encuentro y no dejar pasar<br \/>\nla oportunidad de que Dios contin\u00fae habl\u00e1ndonos con respecto a este tema tan fundamental. Para ello, es<br \/>\nun agrado invitarles nuevamente a ustedes, docentes cristianos de Nivel Inicial, Primario y Secundario, que<br \/>\nrealizan su profesi\u00f3n en cualquier establecimiento educativo, a participar los d\u00edas 24 y 25 de agosto del<br \/>\ncorriente a\u00f1o, en la sede de Juventud con Una Misi\u00f3n, Cuba 5824 B\u00ba Pirayu\u00ed,. Nuevamente con la presencia<br \/>\nLas jornadas dan inicio el viernes a partir de las 8:30hs. hasta las 18hs. continuando el d\u00eda s\u00e1bado en el<br \/>\nmismo horario. El costo de la misma es de $160 (incluyendo materiales, comida y\/u hospedaje si fuese<br \/>\nnecesario.)<br \/>\nPara mayor informaci\u00f3n comunicarse a los tel\u00e9fonos 03794-472414 \/ 03794- 460147 en horarios escolares o<br \/>\nbien escribir al emails instnvageneracion@gmail.com<\/p>\n<\/blockquote>\n","protected":false},"excerpt":{"rendered":"<p>\u201cEducaci\u00f3n: Transformaci\u00f3n de vida\u201d Un a\u00f1o ya ha transcurrido de aquella jornada en agosto, la cual nos convocaba bajo una cosmovisi\u00f3n b\u00edblica. Donde no s\u00f3lo escuchamos reflexiones sino que nos permiti\u00f3 repensar nuestras pr\u00e1cticas docentes a la luz de la Palabra de Dios, replantearnos los fundamentos, en los cuales basamos nuestra ense\u00f1anza y profesi\u00f3n. Como [&hellip;]<\/p>\n","protected":false},"author":1,"featured_media":0,"comment_status":"closed","ping_status":"open","sticky":false,"template":"","format":"standard","meta":{"footnotes":""},"categories":[1],"tags":[],"class_list":["post-3500","post","type-post","status-publish","format-standard","hentry","category-noticias"],"_links":{"self":[{"href":"https:\/\/www.jucumnorte.com.ar\/es\/wp-json\/wp\/v2\/posts\/3500","targetHints":{"allow":["GET"]}}],"collection":[{"href":"https:\/\/www.jucumnorte.com.ar\/es\/wp-json\/wp\/v2\/posts"}],"about":[{"href":"https:\/\/www.jucumnorte.com.ar\/es\/wp-json\/wp\/v2\/types\/post"}],"author":[{"embeddable":true,"href":"https:\/\/www.jucumnorte.com.ar\/es\/wp-json\/wp\/v2\/users\/1"}],"replies":[{"embeddable":true,"href":"https:\/\/www.jucumnorte.com.ar\/es\/wp-json\/wp\/v2\/comments?post=3500"}],"version-history":[{"count":0,"href":"https:\/\/www.jucumnorte.com.ar\/es\/wp-json\/wp\/v2\/posts\/3500\/revisions"}],"wp:attachment":[{"href":"https:\/\/www.jucumnorte.com.ar\/es\/wp-json\/wp\/v2\/media?parent=3500"}],"wp:term":[{"taxonomy":"category","embeddable":true,"href":"https:\/\/www.jucumnorte.com.ar\/es\/wp-json\/wp\/v2\/categories?post=3500"},{"taxonomy":"post_tag","embeddable":true,"href":"https:\/\/www.jucumnorte.com.ar\/es\/wp-json\/wp\/v2\/tags?post=3500"}],"curies":[{"name":"wp","href":"https:\/\/api.w.org\/{rel}","templated":true}]}}