{"id":3612,"date":"2012-10-02T16:09:00","date_gmt":"2012-10-02T19:09:00","guid":{"rendered":"http:\/\/www.jucumnorte.com.ar\/es\/?p=3612"},"modified":"2012-10-02T16:09:00","modified_gmt":"2012-10-02T19:09:00","slug":"compartiendo-de-dios-en-el-mes-de-la-biblia-la-palabra-es-vida","status":"publish","type":"post","link":"https:\/\/www.jucumnorte.com.ar\/es\/compartiendo-de-dios-en-el-mes-de-la-biblia-la-palabra-es-vida\/","title":{"rendered":"Compartiendo de Dios en el Mes de La Biblia ~ La Palabra es vida"},"content":{"rendered":"<p>En el mes de Septiembre en Argentina conmemoramos el mes de la biblia, es por eso\u00a0 que como JUCUM Corrientes dedicamos todo este mes para dar a conocer la palabra de Dios de diferentes formas.<\/p>\n<p>Durante todo el mes colocamos \u00a0mesas informativas, conteniendo encuestas y folletos, sobre una de las calles principales de nuestra ciudad, de esta forma\u00a0\u00a0 muchas personas recibieron un mensaje de parte de Dios. Adem\u00e1s estuvimos concurriendo a la c\u00e1rcel no solo a compartir con los privados de su libertad sino adem\u00e1s realizamos un evento donde participaron sus familiares que por ser el d\u00eda de visita pod\u00edan estar presentes, el tema abordado fue acerca del \u201cperd\u00f3n\u201d.<\/p>\n<p><a href=\"http:\/\/www.jucumnorte.com.ar\/es\/..\/wp-content\/2012\/10\/Evangelizando-en-el-mes-de-la-biblia-plaza-Juan-de-Vera.jpg\"><img loading=\"lazy\" decoding=\"async\" class=\"aligncenter size-full wp-image-3613\" title=\"Evangelizando en el mes de la biblia ~ plaza Juan de Vera\" src=\"http:\/\/www.jucumnorte.com.ar\/es\/..\/wp-content\/2012\/10\/Evangelizando-en-el-mes-de-la-biblia-plaza-Juan-de-Vera.jpg\" alt=\"\" width=\"640\" height=\"427\" srcset=\"https:\/\/www.jucumnorte.com.ar\/es\/wp-content\/uploads\/2012\/10\/Evangelizando-en-el-mes-de-la-biblia-plaza-Juan-de-Vera.jpg 640w, https:\/\/www.jucumnorte.com.ar\/es\/wp-content\/uploads\/2012\/10\/Evangelizando-en-el-mes-de-la-biblia-plaza-Juan-de-Vera-300x200.jpg 300w\" sizes=\"auto, (max-width: 640px) 100vw, 640px\" \/><\/a><\/p>\n<p>Tambi\u00e9n realizamos talleres y charlas en m\u00e1s de 8 colegios de la ciudad, brindando valores\u00a0 y principios b\u00edblicos no solo a alumnos sino a docentes y directivos.<\/p>\n<p>Asimismo tambi\u00e9n grabamos 30 frases para reflexionar las cuales se transmitieron en diferentes radios de la ciudad durante todo el mes.<\/p>\n<p>Para finalizar el mes de la biblia\u00a0 realizamos\u00a0 un evangelismo donde\u00a0 los misioneros y los ni\u00f1os del ministerio (alrededor de 60 personas)\u00a0 participaron realizando evangelismo personal en diferentes puntos de la ciudad.<\/p>\n<p>Esto se realiz\u00f3 con el fin de que la biblia se d\u00e9 a conocer en todas las \u00e1reas de la sociedad y con ella no solo influenciar sino tambi\u00e9n transformar.<\/p>\n<p>Creemos que en la actualidad la \u00a0biblia sigue teniendo el mismo poder transformador, su mensaje sigue siendo actual y sus principios traen la soluci\u00f3n a los diferentes problem\u00e1ticas de la sociedad. Dejemos que ella nos gu\u00ede y as\u00ed nuestra sociedad y aun nuestra propia vida ser\u00e1 transformada.<\/p>\n<p><a href=\"http:\/\/www.jucumnorte.com.ar\/es\/..\/wp-content\/2012\/10\/Evangelizando-en-el-mes-de-la-biblia-plaza-Juan-de-Vera-2.jpg\"><img loading=\"lazy\" decoding=\"async\" class=\"aligncenter size-full wp-image-3614\" title=\"Evangelizando en el mes de la biblia ~ plaza Juan de Vera 2\" src=\"http:\/\/www.jucumnorte.com.ar\/es\/..\/wp-content\/2012\/10\/Evangelizando-en-el-mes-de-la-biblia-plaza-Juan-de-Vera-2.jpg\" alt=\"\" width=\"640\" height=\"427\" srcset=\"https:\/\/www.jucumnorte.com.ar\/es\/wp-content\/uploads\/2012\/10\/Evangelizando-en-el-mes-de-la-biblia-plaza-Juan-de-Vera-2.jpg 640w, https:\/\/www.jucumnorte.com.ar\/es\/wp-content\/uploads\/2012\/10\/Evangelizando-en-el-mes-de-la-biblia-plaza-Juan-de-Vera-2-300x200.jpg 300w\" sizes=\"auto, (max-width: 640px) 100vw, 640px\" \/><\/a><\/p>\n<p>&nbsp;<\/p>\n","protected":false},"excerpt":{"rendered":"<p>En el mes de Septiembre en Argentina conmemoramos el mes de la biblia, es por eso\u00a0 que como JUCUM Corrientes dedicamos todo este mes para dar a conocer la palabra de Dios de diferentes formas. Durante todo el mes colocamos \u00a0mesas informativas, conteniendo encuestas y folletos, sobre una de las calles principales de nuestra ciudad, [&hellip;]<\/p>\n","protected":false},"author":1,"featured_media":0,"comment_status":"closed","ping_status":"open","sticky":false,"template":"","format":"standard","meta":{"footnotes":""},"categories":[1],"tags":[],"class_list":["post-3612","post","type-post","status-publish","format-standard","hentry","category-noticias"],"_links":{"self":[{"href":"https:\/\/www.jucumnorte.com.ar\/es\/wp-json\/wp\/v2\/posts\/3612","targetHints":{"allow":["GET"]}}],"collection":[{"href":"https:\/\/www.jucumnorte.com.ar\/es\/wp-json\/wp\/v2\/posts"}],"about":[{"href":"https:\/\/www.jucumnorte.com.ar\/es\/wp-json\/wp\/v2\/types\/post"}],"author":[{"embeddable":true,"href":"https:\/\/www.jucumnorte.com.ar\/es\/wp-json\/wp\/v2\/users\/1"}],"replies":[{"embeddable":true,"href":"https:\/\/www.jucumnorte.com.ar\/es\/wp-json\/wp\/v2\/comments?post=3612"}],"version-history":[{"count":0,"href":"https:\/\/www.jucumnorte.com.ar\/es\/wp-json\/wp\/v2\/posts\/3612\/revisions"}],"wp:attachment":[{"href":"https:\/\/www.jucumnorte.com.ar\/es\/wp-json\/wp\/v2\/media?parent=3612"}],"wp:term":[{"taxonomy":"category","embeddable":true,"href":"https:\/\/www.jucumnorte.com.ar\/es\/wp-json\/wp\/v2\/categories?post=3612"},{"taxonomy":"post_tag","embeddable":true,"href":"https:\/\/www.jucumnorte.com.ar\/es\/wp-json\/wp\/v2\/tags?post=3612"}],"curies":[{"name":"wp","href":"https:\/\/api.w.org\/{rel}","templated":true}]}}