{"id":4306,"date":"2013-09-07T12:33:05","date_gmt":"2013-09-07T15:33:05","guid":{"rendered":"http:\/\/www.jucumnorte.com.ar\/es\/?p=4306"},"modified":"2013-10-01T12:24:45","modified_gmt":"2013-10-01T15:24:45","slug":"lcn-producciones-filmando-un-documental-en-ituzaingo","status":"publish","type":"post","link":"https:\/\/www.jucumnorte.com.ar\/es\/lcn-producciones-filmando-un-documental-en-ituzaingo\/","title":{"rendered":"LCN Producciones filmando un documental en Ituzaing\u00f3."},"content":{"rendered":"<p style=\"text-align: justify;\"><span lang=\"ES-AR\" style=\"font-size: 12pt; line-height: 115%; font-family: 'Times New Roman','serif'; color: #000000;\">El hombre ha buscado otros ideales, ha intentando por medio de filosof\u00edas, conocimiento y l\u00f3gica a encontrar\u00a0 un sentido verdadero a la vida sin tener que verse obligado a responder a un ser superior que determine lo que es correcto y valioso.<\/span><\/p>\n<p style=\"text-align: justify;\"><span lang=\"ES-AR\" style=\"font-size: 12pt; line-height: 115%; font-family: 'Times New Roman','serif'; color: #000000;\">Cu\u00e1l es el verdadero sentido de la vida? Es una pregunta que parece ser simple pero bastante compleja al contemplarla. Esto lo descubri\u00f3 <span style=\"background: none repeat scroll 0% 0% white;\">El ministerio de Comunicaciones de Jucum Corrientes junto con su Productora LCN (Luces C\u00e1maras Naciones) cuando estuvieron desde 12 al 19 de Agosto, en un tiempo pr\u00e1ctico en la ciudad de Ituzaingo, provincia de Corrientes. El equipo de trabajo estando all\u00ed ten\u00eda\u00a0 dos objetivos: incentivar a la iglesia a tomar los medios de comunicaci\u00f3n como canal para llevar el evangelio a todos, y \u00a0hacer un documental sobre \u2018el sentido de la vida\u2019, con el fin de poner en evidencia la carencia de un sentido pleno y eterno en el hombre.<\/span><\/span><\/p>\n<p style=\"text-align: justify;\"><span lang=\"ES-AR\" style=\"font-size: 12pt; line-height: 115%; font-family: 'Times New Roman','serif'; color: #000000; background: none repeat scroll 0% 0% white;\">Durante \u00a0ese tiempo en dicha ciudad dictaron distintos talleres relacionados con los medios y su relevancia hoy en d\u00eda para el cumplimiento de la Gran Comisi\u00f3n, tocando temas como principios b\u00edblicos de las comunicaciones, como usar los medios para evangelizar, entre otros.\u00a0 A lo que la iglesia respondi\u00f3 con mucho inter\u00e9s y quedo con una fuerte impresi\u00f3n de querer seguir descubriendo esta \u00e1rea, desafiados a usar las herramientas aprendidas y a tomar los medios de comunicaci\u00f3n que est\u00e9n a su alcance.<\/span><\/p>\n<p><a href=\"http:\/\/www.jucumnorte.com.ar\/es\/..\/wp-content\/2013\/09\/Buscando-el-sentido-de-la-vida-Ituzaingo-02.jpg\"><img loading=\"lazy\" decoding=\"async\" class=\"aligncenter size-full wp-image-4304\" alt=\"Buscando el sentido de la vida - Ituzaingo 02\" src=\"http:\/\/www.jucumnorte.com.ar\/es\/..\/wp-content\/2013\/09\/Buscando-el-sentido-de-la-vida-Ituzaingo-02.jpg\" width=\"640\" height=\"427\" srcset=\"https:\/\/www.jucumnorte.com.ar\/es\/wp-content\/uploads\/2013\/09\/Buscando-el-sentido-de-la-vida-Ituzaingo-02.jpg 640w, https:\/\/www.jucumnorte.com.ar\/es\/wp-content\/uploads\/2013\/09\/Buscando-el-sentido-de-la-vida-Ituzaingo-02-300x200.jpg 300w\" sizes=\"auto, (max-width: 640px) 100vw, 640px\" \/><\/a><\/p>\n<p style=\"text-align: justify;\"><span lang=\"ES-AR\" style=\"font-size: 12pt; line-height: 115%; font-family: 'Times New Roman','serif'; color: #000000; background: none repeat scroll 0% 0% white;\">Como equipo salieron todos los d\u00edas, en busca de personas a quienes podr\u00edan entrevistar para ver lo que ellos pensaban del sentido de la vida.\u00a0 Fue muy interesante ver la reacci\u00f3n de los entrevistados al ser confrontados con la pregunta y \u00a0encontrar que muchos nunca lo han contemplado.<\/span><\/p>\n<p style=\"text-align: justify;\"><span lang=\"ES-AR\" style=\"font-size: 12pt; line-height: 115%; font-family: 'Times New Roman','serif'; color: #000000; background: none repeat scroll 0% 0% white;\">Las entrevistas tambi\u00e9n fueron oportunidad para evangelizar y dar a conocer el prop\u00f3sito verdadero de la vida. Al final de la semana, el d\u00eda viernes hicieron una actividad evangel\u00edstica en la plaza principal, donde proyectaron videos que hablaban de problem\u00e1ticas de nuestra sociedad , pasaron tambi\u00e9n una pel\u00edcula con la intenci\u00f3n de hacer reflexionar a las familias presente sobre valores importantes que no debemos descuidar. Para finalizar \u00a0compartieron un mensaje radical, desafiando a los presentes y los que podr\u00edan o\u00edr a la distancia, a tener una relaci\u00f3n firme y verdadera con Dios.<\/span><\/p>\n<p style=\"text-align: justify;\"><span lang=\"ES-AR\" style=\"font-size: 12pt; line-height: 115%; font-family: 'Times New Roman','serif'; color: #000000; background: none repeat scroll 0% 0% white;\">A la vez, con estas actividades, tambi\u00e9n tuvieron la oportunidad de celebrar el d\u00eda del ni\u00f1o en dos comunidades de la zona, animando dos fiestas con juegos, canciones, \u00a0payasos y de esa forma brindaron alegr\u00eda y el amor de Dios a los ni\u00f1os presentes.<\/span><\/p>\n<p><a href=\"http:\/\/www.jucumnorte.com.ar\/es\/..\/wp-content\/2013\/09\/Buscando-el-sentido-de-la-vida-Ituzaingo-03.jpg\"><img loading=\"lazy\" decoding=\"async\" class=\"aligncenter size-full wp-image-4305\" alt=\"Buscando el sentido de la vida - Ituzaingo 03\" src=\"http:\/\/www.jucumnorte.com.ar\/es\/..\/wp-content\/2013\/09\/Buscando-el-sentido-de-la-vida-Ituzaingo-03.jpg\" width=\"640\" height=\"427\" srcset=\"https:\/\/www.jucumnorte.com.ar\/es\/wp-content\/uploads\/2013\/09\/Buscando-el-sentido-de-la-vida-Ituzaingo-03.jpg 640w, https:\/\/www.jucumnorte.com.ar\/es\/wp-content\/uploads\/2013\/09\/Buscando-el-sentido-de-la-vida-Ituzaingo-03-300x200.jpg 300w\" sizes=\"auto, (max-width: 640px) 100vw, 640px\" \/><\/a><\/p>\n<p style=\"text-align: justify;\"><span lang=\"ES-AR\" style=\"font-size: 12pt; line-height: 115%; font-family: 'Times New Roman','serif'; color: #000000;\">\u00a0\u00a0\u00a0\u00a0<span style=\"background: none repeat scroll 0% 0% white;\">El hombre moderno pens\u00f3 que al librarse de Dios, se hab\u00eda librado de todo aquello que lo reprim\u00eda y ahogaba. Sin embargo, descubri\u00f3 que al intentar matar a Dios, se hab\u00eda dado muerte a s\u00ed mismo. Porque si no hay Dios, la vida del hombre se vuelve absurda, sin sentido.<\/span><\/span><\/p>\n<p style=\"text-align: justify;\"><span lang=\"ES-AR\" style=\"font-size: 12pt; line-height: 115%; font-family: 'Times New Roman','serif'; background: none repeat scroll 0% 0% white; color: #000000;\">La Familia, el trabajo, la superaci\u00f3n personal le han dado sentido y prop\u00f3sito a la vida de muchos, cayendo luego en la desesperanza cuando no ven eternidad en estas cosas, ya que est\u00e1n sujetas a cambio continuamente, en definitiva el hombre mismo nos da evidencia de la necesidad de un sentido eterno en sus vida, que sin duda alguna, solo DIOS lo puede dar.<\/span><\/p>\n<p><a href=\"http:\/\/www.jucumnorte.com.ar\/es\/..\/wp-content\/2013\/09\/Buscando-el-sentido-de-la-vida-Ituzaingo-01.jpg\"><img loading=\"lazy\" decoding=\"async\" class=\"aligncenter size-full wp-image-4303\" alt=\"Buscando el sentido de la vida - Ituzaingo 01\" src=\"http:\/\/www.jucumnorte.com.ar\/es\/..\/wp-content\/2013\/09\/Buscando-el-sentido-de-la-vida-Ituzaingo-01.jpg\" width=\"640\" height=\"480\" srcset=\"https:\/\/www.jucumnorte.com.ar\/es\/wp-content\/uploads\/2013\/09\/Buscando-el-sentido-de-la-vida-Ituzaingo-01.jpg 640w, https:\/\/www.jucumnorte.com.ar\/es\/wp-content\/uploads\/2013\/09\/Buscando-el-sentido-de-la-vida-Ituzaingo-01-300x225.jpg 300w\" sizes=\"auto, (max-width: 640px) 100vw, 640px\" \/><\/a><\/p>\n<p style=\"text-align: justify;\"><span lang=\"ES-AR\" style=\"font-size: 12pt; line-height: 115%; font-family: 'Times New Roman','serif'; background: none repeat scroll 0% 0% white; color: #000000;\">El verdadero sentido de la vida es vivir para quien nos creo, cumpliendo as\u00ed Su prop\u00f3sito y todo lo dem\u00e1s es a\u00f1adido. Solo esto da un sentido eterno a la vida, un sentido que nada, ni nadie puede cambiar. La pregunta es: sabes cu\u00e1l es el sentido de tu vida?<\/span><\/p>\n","protected":false},"excerpt":{"rendered":"<p>El hombre ha buscado otros ideales, ha intentando por medio de filosof\u00edas, conocimiento y l\u00f3gica a encontrar\u00a0 un sentido verdadero a la vida sin tener que verse obligado a responder a un ser superior que determine lo que es correcto y valioso. Cu\u00e1l es el verdadero sentido de la vida? Es una pregunta que parece [&hellip;]<\/p>\n","protected":false},"author":1,"featured_media":0,"comment_status":"closed","ping_status":"open","sticky":false,"template":"","format":"standard","meta":{"footnotes":""},"categories":[1],"tags":[],"class_list":["post-4306","post","type-post","status-publish","format-standard","hentry","category-noticias"],"_links":{"self":[{"href":"https:\/\/www.jucumnorte.com.ar\/es\/wp-json\/wp\/v2\/posts\/4306","targetHints":{"allow":["GET"]}}],"collection":[{"href":"https:\/\/www.jucumnorte.com.ar\/es\/wp-json\/wp\/v2\/posts"}],"about":[{"href":"https:\/\/www.jucumnorte.com.ar\/es\/wp-json\/wp\/v2\/types\/post"}],"author":[{"embeddable":true,"href":"https:\/\/www.jucumnorte.com.ar\/es\/wp-json\/wp\/v2\/users\/1"}],"replies":[{"embeddable":true,"href":"https:\/\/www.jucumnorte.com.ar\/es\/wp-json\/wp\/v2\/comments?post=4306"}],"version-history":[{"count":0,"href":"https:\/\/www.jucumnorte.com.ar\/es\/wp-json\/wp\/v2\/posts\/4306\/revisions"}],"wp:attachment":[{"href":"https:\/\/www.jucumnorte.com.ar\/es\/wp-json\/wp\/v2\/media?parent=4306"}],"wp:term":[{"taxonomy":"category","embeddable":true,"href":"https:\/\/www.jucumnorte.com.ar\/es\/wp-json\/wp\/v2\/categories?post=4306"},{"taxonomy":"post_tag","embeddable":true,"href":"https:\/\/www.jucumnorte.com.ar\/es\/wp-json\/wp\/v2\/tags?post=4306"}],"curies":[{"name":"wp","href":"https:\/\/api.w.org\/{rel}","templated":true}]}}