{"id":5929,"date":"2016-04-01T10:17:46","date_gmt":"2016-04-01T13:17:46","guid":{"rendered":"http:\/\/www.jucumnorte.com.ar\/es\/?p=5929"},"modified":"2016-04-01T14:26:10","modified_gmt":"2016-04-01T17:26:10","slug":"celebrando-la-vida-del-no-nacido","status":"publish","type":"post","link":"https:\/\/www.jucumnorte.com.ar\/es\/celebrando-la-vida-del-no-nacido\/","title":{"rendered":"CELEBRANDO LA VIDA DEL NO NACIDO"},"content":{"rendered":"<p><a href=\"http:\/\/www.jucumnorte.com.ar\/es\/..\/wp-content\/2016\/04\/evangelismo.jpg\"><img loading=\"lazy\" decoding=\"async\" class=\"aligncenter wp-image-5931\" src=\"http:\/\/www.jucumnorte.com.ar\/es\/..\/wp-content\/2016\/04\/evangelismo-1024x399.jpg\" alt=\"evangelismo\" width=\"655\" height=\"255\" srcset=\"https:\/\/www.jucumnorte.com.ar\/es\/wp-content\/uploads\/2016\/04\/evangelismo-1024x399.jpg 1024w, https:\/\/www.jucumnorte.com.ar\/es\/wp-content\/uploads\/2016\/04\/evangelismo-300x117.jpg 300w\" sizes=\"auto, (max-width: 655px) 100vw, 655px\" \/><\/a><\/p>\n<p>El pasado 25 de marzo se celebr\u00f3 a nivel internacional el D\u00cdA DEL NI\u00d1O NO NACIDO, celebraci\u00f3n que contrasta con la aprobaci\u00f3n de leyes que favorecen el aborto promulgadas en algunos pa\u00edses de nuestro continente.<\/p>\n<p>Por esto, un equipo de misioneros de Juventud Con Una Misi\u00f3n (JuCUM) de Corrientes Capital sali\u00f3 a la plaza del Barrio Pirayui a realizar una campa\u00f1a de concienciaci\u00f3n al respecto, cuyo prop\u00f3sito fue tambi\u00e9n predicar el mensaje de Cristo a los transe\u00fantes.<\/p>\n<p>As\u00ed, muchos de los vecinos, que en su mayor\u00eda mostraron su descontento ante dichas legislaciones, pudieron compartir experiencias de vida y recibir palabras de esperanza de parte de estos misioneros.<\/p>\n<p>Dios es el Creador de la vida, por lo tanto el aborto, en \u00faltima instancia, es un atentado en contra de \u00c9l. Por eso los cristianos defendemos la vida, rechazamos el asesinato de los beb\u00e9s no nacidos, creemos en la restauraci\u00f3n de las madres que no planearon su embarazo y afirmamos con certeza que ante cualquier situaci\u00f3n que lleve a un hombre o mujer a concluir que la \u00fanica salida es el homicidio, Cristo es la esperanza.<\/p>\n<p><a href=\"http:\/\/www.jucumnorte.com.ar\/es\/..\/wp-content\/2016\/04\/evang.jpg\"><img loading=\"lazy\" decoding=\"async\" class=\"aligncenter wp-image-5932\" src=\"http:\/\/www.jucumnorte.com.ar\/es\/..\/wp-content\/2016\/04\/evang-1024x778.jpg\" alt=\"evang\" width=\"657\" height=\"500\" srcset=\"https:\/\/www.jucumnorte.com.ar\/es\/wp-content\/uploads\/2016\/04\/evang-1024x778.jpg 1024w, https:\/\/www.jucumnorte.com.ar\/es\/wp-content\/uploads\/2016\/04\/evang-300x228.jpg 300w\" sizes=\"auto, (max-width: 657px) 100vw, 657px\" \/><\/a><\/p>\n","protected":false},"excerpt":{"rendered":"<p>El pasado 25 de marzo se celebr\u00f3 a nivel internacional el D\u00cdA DEL NI\u00d1O NO NACIDO, celebraci\u00f3n que contrasta con la aprobaci\u00f3n de leyes que favorecen el aborto promulgadas en algunos pa\u00edses de nuestro continente. Por esto, un equipo de misioneros de Juventud Con Una Misi\u00f3n (JuCUM) de Corrientes Capital sali\u00f3 a la plaza del [&hellip;]<\/p>\n","protected":false},"author":1,"featured_media":0,"comment_status":"closed","ping_status":"open","sticky":false,"template":"","format":"standard","meta":{"footnotes":""},"categories":[3,1],"tags":[],"class_list":["post-5929","post","type-post","status-publish","format-standard","hentry","category-ministerios","category-noticias"],"_links":{"self":[{"href":"https:\/\/www.jucumnorte.com.ar\/es\/wp-json\/wp\/v2\/posts\/5929","targetHints":{"allow":["GET"]}}],"collection":[{"href":"https:\/\/www.jucumnorte.com.ar\/es\/wp-json\/wp\/v2\/posts"}],"about":[{"href":"https:\/\/www.jucumnorte.com.ar\/es\/wp-json\/wp\/v2\/types\/post"}],"author":[{"embeddable":true,"href":"https:\/\/www.jucumnorte.com.ar\/es\/wp-json\/wp\/v2\/users\/1"}],"replies":[{"embeddable":true,"href":"https:\/\/www.jucumnorte.com.ar\/es\/wp-json\/wp\/v2\/comments?post=5929"}],"version-history":[{"count":0,"href":"https:\/\/www.jucumnorte.com.ar\/es\/wp-json\/wp\/v2\/posts\/5929\/revisions"}],"wp:attachment":[{"href":"https:\/\/www.jucumnorte.com.ar\/es\/wp-json\/wp\/v2\/media?parent=5929"}],"wp:term":[{"taxonomy":"category","embeddable":true,"href":"https:\/\/www.jucumnorte.com.ar\/es\/wp-json\/wp\/v2\/categories?post=5929"},{"taxonomy":"post_tag","embeddable":true,"href":"https:\/\/www.jucumnorte.com.ar\/es\/wp-json\/wp\/v2\/tags?post=5929"}],"curies":[{"name":"wp","href":"https:\/\/api.w.org\/{rel}","templated":true}]}}