{"id":612,"date":"2009-08-13T08:51:32","date_gmt":"2009-08-13T11:51:32","guid":{"rendered":"http:\/\/www.jucumnorte.com.ar\/es\/?p=612"},"modified":"2009-10-06T18:57:50","modified_gmt":"2009-10-06T21:57:50","slug":"proximos-desafios-fusionraza","status":"publish","type":"post","link":"https:\/\/www.jucumnorte.com.ar\/es\/proximos-desafios-fusionraza\/","title":{"rendered":"Pr\u00f3ximos Desafios Fusi\u00f3nRaza"},"content":{"rendered":"<p>Seguimos con el desarrollo de nuestro ministerio de moda, el cual tiene la visi\u00f3n de redimir la moda a trav\u00e9s de discipular e influenciar cada una de sus \u00e1reas. Tambi\u00e9n este ministerio, llamado Fusi\u00f3nRaza, quiere alcanzar las naciones, resaltando el valor y la belleza de las personas y sus culturas.<\/p>\n<p><img loading=\"lazy\" decoding=\"async\" class=\"alignnone size-medium wp-image-621\" src=\"http:\/\/www.jucumnorte.com.ar\/es\/..\/wp-content\/2009\/08\/201_97031-199x300.jpg\" alt=\"\" width=\"199\" height=\"300\" srcset=\"https:\/\/www.jucumnorte.com.ar\/es\/wp-content\/uploads\/2009\/08\/201_97031-199x300.jpg 199w, https:\/\/www.jucumnorte.com.ar\/es\/wp-content\/uploads\/2009\/08\/201_97031-682x1024.jpg 682w, https:\/\/www.jucumnorte.com.ar\/es\/wp-content\/uploads\/2009\/08\/201_97031.JPG 1354w\" sizes=\"auto, (max-width: 199px) 100vw, 199px\" \/><br \/>\n<em>Probando la textura de las telas sobre el cuerpo.<\/em><\/p>\n<p><img loading=\"lazy\" decoding=\"async\" class=\"alignnone size-medium wp-image-622\" title=\"201_9720\" src=\"http:\/\/www.jucumnorte.com.ar\/es\/..\/wp-content\/2009\/08\/201_97201-199x300.jpg\" alt=\"201_9720\" width=\"199\" height=\"300\" srcset=\"https:\/\/www.jucumnorte.com.ar\/es\/wp-content\/uploads\/2009\/08\/201_97201-199x300.jpg 199w, https:\/\/www.jucumnorte.com.ar\/es\/wp-content\/uploads\/2009\/08\/201_97201-682x1024.jpg 682w, https:\/\/www.jucumnorte.com.ar\/es\/wp-content\/uploads\/2009\/08\/201_97201.JPG 1354w\" sizes=\"auto, (max-width: 199px) 100vw, 199px\" \/><br \/>\n<em>Un nuevo dise\u00f1o realizado por la marca Fusi\u00f3nRaza este verano.<\/em><\/p>\n<p>Estamos ocupados con todos los preparativos del pr\u00f3ximo desfile que es en el mes de diciembre, y nuestra dise\u00f1adora ya est\u00e1 dibujando y armando los nuevos dise\u00f1os para la pr\u00f3xima temporada. El desfile del mes de diciembre estar\u00e1 enfocado en Mozambique, con ropa inspirada en  esa naci\u00f3n hermosa.<\/p>\n<p><img loading=\"lazy\" decoding=\"async\" class=\"alignnone size-medium wp-image-623\" src=\"http:\/\/www.jucumnorte.com.ar\/es\/..\/wp-content\/2009\/08\/201_97221-300x199.jpg\" alt=\"\" width=\"300\" height=\"199\" srcset=\"https:\/\/www.jucumnorte.com.ar\/es\/wp-content\/uploads\/2009\/08\/201_97221-300x199.jpg 300w, https:\/\/www.jucumnorte.com.ar\/es\/wp-content\/uploads\/2009\/08\/201_97221-1024x682.jpg 1024w, https:\/\/www.jucumnorte.com.ar\/es\/wp-content\/uploads\/2009\/08\/201_97221.JPG 2032w\" sizes=\"auto, (max-width: 300px) 100vw, 300px\" \/><br \/>\n<em>La marca de nuestro ministerio de moda, Fusi\u00f3nRaza.<\/em><\/p>\n<p>Siguiendo el desfile, un equipo estar\u00e1 yendo a Mozambique, llevando ropa para bendicir a las personas de aquel pa\u00eds. Tenemos muchas necesidades para el desfile, tales como: telas, hilos y otras elementos de mercer\u00eda.<\/p>\n<p>Para mas informaci\u00f3n sobre este ministerio o si usted quiere ser parte de estos emocionantes proyectos no dude en escribirnos!<\/p>\n","protected":false},"excerpt":{"rendered":"<p>Seguimos con el desarrollo de nuestro ministerio de moda, el cual tiene la visi\u00f3n de redimir la moda a trav\u00e9s de discipular e influenciar cada una de sus \u00e1reas. Tambi\u00e9n este ministerio, llamado Fusi\u00f3nRaza, quiere alcanzar las naciones, resaltando el valor y la belleza de las personas y sus culturas. Probando la textura de las [&hellip;]<\/p>\n","protected":false},"author":1,"featured_media":0,"comment_status":"closed","ping_status":"open","sticky":false,"template":"","format":"standard","meta":{"footnotes":""},"categories":[3,1],"tags":[],"class_list":["post-612","post","type-post","status-publish","format-standard","hentry","category-ministerios","category-noticias"],"_links":{"self":[{"href":"https:\/\/www.jucumnorte.com.ar\/es\/wp-json\/wp\/v2\/posts\/612","targetHints":{"allow":["GET"]}}],"collection":[{"href":"https:\/\/www.jucumnorte.com.ar\/es\/wp-json\/wp\/v2\/posts"}],"about":[{"href":"https:\/\/www.jucumnorte.com.ar\/es\/wp-json\/wp\/v2\/types\/post"}],"author":[{"embeddable":true,"href":"https:\/\/www.jucumnorte.com.ar\/es\/wp-json\/wp\/v2\/users\/1"}],"replies":[{"embeddable":true,"href":"https:\/\/www.jucumnorte.com.ar\/es\/wp-json\/wp\/v2\/comments?post=612"}],"version-history":[{"count":0,"href":"https:\/\/www.jucumnorte.com.ar\/es\/wp-json\/wp\/v2\/posts\/612\/revisions"}],"wp:attachment":[{"href":"https:\/\/www.jucumnorte.com.ar\/es\/wp-json\/wp\/v2\/media?parent=612"}],"wp:term":[{"taxonomy":"category","embeddable":true,"href":"https:\/\/www.jucumnorte.com.ar\/es\/wp-json\/wp\/v2\/categories?post=612"},{"taxonomy":"post_tag","embeddable":true,"href":"https:\/\/www.jucumnorte.com.ar\/es\/wp-json\/wp\/v2\/tags?post=612"}],"curies":[{"name":"wp","href":"https:\/\/api.w.org\/{rel}","templated":true}]}}