{"id":6227,"date":"2016-12-20T12:50:33","date_gmt":"2016-12-20T15:50:33","guid":{"rendered":"http:\/\/www.jucumnorte.com.ar\/es\/?p=6227"},"modified":"2016-12-20T12:50:33","modified_gmt":"2016-12-20T15:50:33","slug":"equipo-de-pastores-a-europa","status":"publish","type":"post","link":"https:\/\/www.jucumnorte.com.ar\/es\/equipo-de-pastores-a-europa\/","title":{"rendered":"EQUIPO DE PASTORES A EUROPA"},"content":{"rendered":"<p><a href=\"http:\/\/www.jucumnorte.com.ar\/es\/..\/wp-content\/2016\/12\/MG_1670.jpg\"><img loading=\"lazy\" decoding=\"async\" class=\"aligncenter  wp-image-6228\" src=\"http:\/\/www.jucumnorte.com.ar\/es\/..\/wp-content\/2016\/12\/MG_1670-1024x683.jpg\" alt=\"_mg_1670\" width=\"674\" height=\"450\" srcset=\"https:\/\/www.jucumnorte.com.ar\/es\/wp-content\/uploads\/2016\/12\/MG_1670-1024x683.jpg 1024w, https:\/\/www.jucumnorte.com.ar\/es\/wp-content\/uploads\/2016\/12\/MG_1670-300x200.jpg 300w, https:\/\/www.jucumnorte.com.ar\/es\/wp-content\/uploads\/2016\/12\/MG_1670-768x512.jpg 768w\" sizes=\"auto, (max-width: 674px) 100vw, 674px\" \/><\/a><\/p>\n<p><strong>Desde Corrientes a Europa. Un equipo de pastores emprendi\u00f3 su viaje a dicha zona con el fin de pisar la tierra y ser de bendici\u00f3n. <\/strong><\/p>\n<p>El d\u00eda 12 de noviembre pasado un equipo de pastores de diferentes denominaciones, en conjunto con obreros pertenecientes a Juventud Con Una Misi\u00f3n (JuCUM) de Corrientes Capital, realizaron un viaje a distintos lugares de Europa con el prop\u00f3sito de explorar la tierra, interceder y abrir camino para distintos proyectos misioneros que se llevaran a cabo all\u00ed.<\/p>\n<p>Uno de los lugares recorriendo fue Inglaterra. All\u00ed se visit\u00f3 algunas iglesias que actualmente funcionan como museos. Adem\u00e1s se visit\u00f3 el estado de Mil\u00e1n, lugar en d\u00f3nde se encuentran familias refugiadas. Finalmente arribaron a Siracusa, ciudad situada en la costa sudeste de la isla de Sicilia, en el Mediterr\u00e1neo central. All\u00ed compartieron tiempo con una misionera brasilera, Lais Da Silva, que se encuentra actualmente realizando su labor en dicho lugar.<\/p>\n<p>El equipo nos cuenta que en este \u00faltimo lugar tuvieron el privilegio de visitar las catacumbas o cuevas subterr\u00e1neas en que los cristianos del primer siglo despu\u00e9s de Cristo se ocultaban de la persecuci\u00f3n organizada por el Imperio Romano en contra de su fe. All\u00ed elevaron oraciones y alabanzas a Dios.<\/p>\n<p>El mayor objetivo de este viaje era que los pastores participantes pudieran conocer la realidad de otros pa\u00edses y abrazar la carga misionera, de esta manera pudiendo transmitirla a sus congregaciones.<\/p>\n<p><a href=\"http:\/\/www.jucumnorte.com.ar\/es\/..\/wp-content\/2016\/12\/MG_1540.jpg\"><img loading=\"lazy\" decoding=\"async\" class=\"aligncenter  wp-image-6229\" src=\"http:\/\/www.jucumnorte.com.ar\/es\/..\/wp-content\/2016\/12\/MG_1540-1024x683.jpg\" alt=\"_mg_1540\" width=\"641\" height=\"428\" srcset=\"https:\/\/www.jucumnorte.com.ar\/es\/wp-content\/uploads\/2016\/12\/MG_1540-1024x683.jpg 1024w, https:\/\/www.jucumnorte.com.ar\/es\/wp-content\/uploads\/2016\/12\/MG_1540-300x200.jpg 300w, https:\/\/www.jucumnorte.com.ar\/es\/wp-content\/uploads\/2016\/12\/MG_1540-768x512.jpg 768w\" sizes=\"auto, (max-width: 641px) 100vw, 641px\" \/><\/a><\/p>\n","protected":false},"excerpt":{"rendered":"<p>Desde Corrientes a Europa. Un equipo de pastores emprendi\u00f3 su viaje a dicha zona con el fin de pisar la tierra y ser de bendici\u00f3n. El d\u00eda 12 de noviembre pasado un equipo de pastores de diferentes denominaciones, en conjunto con obreros pertenecientes a Juventud Con Una Misi\u00f3n (JuCUM) de Corrientes Capital, realizaron un viaje [&hellip;]<\/p>\n","protected":false},"author":1,"featured_media":0,"comment_status":"closed","ping_status":"open","sticky":false,"template":"","format":"standard","meta":{"footnotes":""},"categories":[3,1],"tags":[],"class_list":["post-6227","post","type-post","status-publish","format-standard","hentry","category-ministerios","category-noticias"],"_links":{"self":[{"href":"https:\/\/www.jucumnorte.com.ar\/es\/wp-json\/wp\/v2\/posts\/6227","targetHints":{"allow":["GET"]}}],"collection":[{"href":"https:\/\/www.jucumnorte.com.ar\/es\/wp-json\/wp\/v2\/posts"}],"about":[{"href":"https:\/\/www.jucumnorte.com.ar\/es\/wp-json\/wp\/v2\/types\/post"}],"author":[{"embeddable":true,"href":"https:\/\/www.jucumnorte.com.ar\/es\/wp-json\/wp\/v2\/users\/1"}],"replies":[{"embeddable":true,"href":"https:\/\/www.jucumnorte.com.ar\/es\/wp-json\/wp\/v2\/comments?post=6227"}],"version-history":[{"count":0,"href":"https:\/\/www.jucumnorte.com.ar\/es\/wp-json\/wp\/v2\/posts\/6227\/revisions"}],"wp:attachment":[{"href":"https:\/\/www.jucumnorte.com.ar\/es\/wp-json\/wp\/v2\/media?parent=6227"}],"wp:term":[{"taxonomy":"category","embeddable":true,"href":"https:\/\/www.jucumnorte.com.ar\/es\/wp-json\/wp\/v2\/categories?post=6227"},{"taxonomy":"post_tag","embeddable":true,"href":"https:\/\/www.jucumnorte.com.ar\/es\/wp-json\/wp\/v2\/tags?post=6227"}],"curies":[{"name":"wp","href":"https:\/\/api.w.org\/{rel}","templated":true}]}}