{"id":6279,"date":"2017-01-07T12:05:11","date_gmt":"2017-01-07T15:05:11","guid":{"rendered":"http:\/\/www.jucumnorte.com.ar\/es\/?p=6279"},"modified":"2017-01-07T12:05:11","modified_gmt":"2017-01-07T15:05:11","slug":"semana-cultural-ache","status":"publish","type":"post","link":"https:\/\/www.jucumnorte.com.ar\/es\/semana-cultural-ache\/","title":{"rendered":"Semana Cultural Ach\u00e9"},"content":{"rendered":"<p><a href=\"http:\/\/www.jucumnorte.com.ar\/es\/..\/wp-content\/2017\/01\/achee.jpg\"><img loading=\"lazy\" decoding=\"async\" class=\"aligncenter  wp-image-6280\" src=\"http:\/\/www.jucumnorte.com.ar\/es\/..\/wp-content\/2017\/01\/achee.jpg\" alt=\"\" width=\"536\" height=\"403\" srcset=\"https:\/\/www.jucumnorte.com.ar\/es\/wp-content\/uploads\/2017\/01\/achee.jpg 960w, https:\/\/www.jucumnorte.com.ar\/es\/wp-content\/uploads\/2017\/01\/achee-300x225.jpg 300w, https:\/\/www.jucumnorte.com.ar\/es\/wp-content\/uploads\/2017\/01\/achee-768x576.jpg 768w\" sizes=\"auto, (max-width: 536px) 100vw, 536px\" \/><\/a><\/p>\n<p>Parte del equipo de obreros de Juventud Con Una Misi\u00f3n Corrientes Capital tuvieron el privilegio de participar en la <strong>\u00ab4ta Semana Cultural Ach\u00e9\u00bb <\/strong>que se realiz\u00f3 la semana del 7 al 11de noviembre del 2016.<\/p>\n<p>Cada a\u00f1o la Comunidad Ach\u00e9 de Paraguay celebran la Semana Cultural Ach\u00e9 y como todos los a\u00f1os JUCUM (Juventud Con Una Misi\u00f3n) fueron invitados a participar.<\/p>\n<p>En esta oportunidad dicha celebraci\u00f3n se realiz\u00f3 en la Comunidad de Puerto Barra Paraguay del departamento de Alto Paran\u00e1. A prop\u00f3sito se celebr\u00f3 los 40 a\u00f1os de trabajo misionero con un enfoque educativo para que los nativos de la comunidad conserven su cultura milenaria y lenguaje comenzaron a vivir de una manera civilizada y en los comienzos de la extensi\u00f3n del Reino de Dios del lugar.<\/p>\n<p>Un acontecimiento conmovedor durante la semana fue el reencuentro de un hombre nacido dentro de la comunidad Ypetimi pero que durante 50 a\u00f1os hab\u00eda estado viviendo en Argentina y apartado de su familia. Comenta Carlos Cabrera, uno de los obreros que viaj\u00f3 hasta la comunidad: <em>\u00abFue muy emocionante ver el reencuentro con sus hermanos despu\u00e9s de 50 a\u00f1os de estar lejos de su familia\u00bb<\/em><\/p>\n<p>El equipo de misionero de JUCUM Corrientes espera con ansias volver a participar en la \u00abQuinta Semana Cultural\u00bb que se realizar\u00e1 en la Comunidad Chupa Pou Paraguay del 7-11 de Noviembre del 2017.<\/p>\n<p>&nbsp;<\/p>\n<p><a href=\"http:\/\/www.jucumnorte.com.ar\/es\/..\/wp-content\/2017\/01\/ni\u00f1o-Ach\u00e9.jpg\"><img loading=\"lazy\" decoding=\"async\" class=\"aligncenter  wp-image-6281\" src=\"http:\/\/www.jucumnorte.com.ar\/es\/..\/wp-content\/2017\/01\/ni\u00f1o-Ach\u00e9-683x1024.jpg\" alt=\"\" width=\"513\" height=\"767\" \/><\/a><\/p>\n","protected":false},"excerpt":{"rendered":"<p>Parte del equipo de obreros de Juventud Con Una Misi\u00f3n Corrientes Capital tuvieron el privilegio de participar en la \u00ab4ta Semana Cultural Ach\u00e9\u00bb que se realiz\u00f3 la semana del 7 al 11de noviembre del 2016. Cada a\u00f1o la Comunidad Ach\u00e9 de Paraguay celebran la Semana Cultural Ach\u00e9 y como todos los a\u00f1os JUCUM (Juventud Con [&hellip;]<\/p>\n","protected":false},"author":1,"featured_media":0,"comment_status":"closed","ping_status":"open","sticky":false,"template":"","format":"standard","meta":{"footnotes":""},"categories":[3,1],"tags":[],"class_list":["post-6279","post","type-post","status-publish","format-standard","hentry","category-ministerios","category-noticias"],"_links":{"self":[{"href":"https:\/\/www.jucumnorte.com.ar\/es\/wp-json\/wp\/v2\/posts\/6279","targetHints":{"allow":["GET"]}}],"collection":[{"href":"https:\/\/www.jucumnorte.com.ar\/es\/wp-json\/wp\/v2\/posts"}],"about":[{"href":"https:\/\/www.jucumnorte.com.ar\/es\/wp-json\/wp\/v2\/types\/post"}],"author":[{"embeddable":true,"href":"https:\/\/www.jucumnorte.com.ar\/es\/wp-json\/wp\/v2\/users\/1"}],"replies":[{"embeddable":true,"href":"https:\/\/www.jucumnorte.com.ar\/es\/wp-json\/wp\/v2\/comments?post=6279"}],"version-history":[{"count":0,"href":"https:\/\/www.jucumnorte.com.ar\/es\/wp-json\/wp\/v2\/posts\/6279\/revisions"}],"wp:attachment":[{"href":"https:\/\/www.jucumnorte.com.ar\/es\/wp-json\/wp\/v2\/media?parent=6279"}],"wp:term":[{"taxonomy":"category","embeddable":true,"href":"https:\/\/www.jucumnorte.com.ar\/es\/wp-json\/wp\/v2\/categories?post=6279"},{"taxonomy":"post_tag","embeddable":true,"href":"https:\/\/www.jucumnorte.com.ar\/es\/wp-json\/wp\/v2\/tags?post=6279"}],"curies":[{"name":"wp","href":"https:\/\/api.w.org\/{rel}","templated":true}]}}