{"id":6451,"date":"2017-05-05T16:13:39","date_gmt":"2017-05-05T19:13:39","guid":{"rendered":"http:\/\/www.jucumnorte.com.ar\/es\/?p=6451"},"modified":"2017-05-05T16:13:39","modified_gmt":"2017-05-05T19:13:39","slug":"sembrando-la-palabra-en-los-hospitales","status":"publish","type":"post","link":"https:\/\/www.jucumnorte.com.ar\/es\/sembrando-la-palabra-en-los-hospitales\/","title":{"rendered":"SEMBRANDO LA PALABRA EN LOS HOSPITALES"},"content":{"rendered":"<p><a href=\"http:\/\/www.jucumnorte.com.ar\/es\/..\/wp-content\/2017\/05\/Evangelismo.jpg\"><img loading=\"lazy\" decoding=\"async\" class=\"wp-image-6452 alignleft\" src=\"http:\/\/www.jucumnorte.com.ar\/es\/..\/wp-content\/2017\/05\/Evangelismo-1024x576.jpg\" alt=\"\" width=\"652\" height=\"367\" srcset=\"https:\/\/www.jucumnorte.com.ar\/es\/wp-content\/uploads\/2017\/05\/Evangelismo-1024x576.jpg 1024w, https:\/\/www.jucumnorte.com.ar\/es\/wp-content\/uploads\/2017\/05\/Evangelismo-300x169.jpg 300w, https:\/\/www.jucumnorte.com.ar\/es\/wp-content\/uploads\/2017\/05\/Evangelismo-768x432.jpg 768w, https:\/\/www.jucumnorte.com.ar\/es\/wp-content\/uploads\/2017\/05\/Evangelismo.jpg 1280w\" sizes=\"auto, (max-width: 652px) 100vw, 652px\" \/><\/a><\/p>\n<p>Un equipo de misioneros de Juventud Con Una Misi\u00f3n (JuCUM) de Corrientes Capital se dirigi\u00f3 el d\u00eda s\u00e1bado 22 de Abril a las afueras de los hospitales Escuela \u201cJos\u00e9 De San Mart\u00edn\u201d, \u201cJos\u00e9 Ram\u00f3n Vidal\u201d \u00a0y \u201cJuan Pablo II\u201d, de la ciudad de Corrientes, con el fin de evangelizar a los transe\u00fantes.<\/p>\n<p>El equipo estaba conformado por obreros de la misi\u00f3n y estudiantes que actualmente est\u00e1n cursando la Escuela de Discipulado y Entrenamiento (EDE), de 5 meses de duraci\u00f3n, que tiene como objetivo capacitar al creyente en su relaci\u00f3n con Dios, car\u00e1cter y llamado, para encomendarle a la tarea de la Gran Comisi\u00f3n.<\/p>\n<p>As\u00ed, dentro de esta actividad pr\u00e1ctica de la EDE, tanto estudiantes como l\u00edderes se dirigieron a estos lugares para compartir el amor de Dios con las personas. Repartieron folletos, les presentaron el mensaje de salvaci\u00f3n y oraron por aquellos que lo solicitaron.<\/p>\n<p>Decenas de personas escucharon el mensaje de Cristo, nada de lo sembrado quedar\u00e1 sin fruto.<\/p>\n","protected":false},"excerpt":{"rendered":"<p>Un equipo de misioneros de Juventud Con Una Misi\u00f3n (JuCUM) de Corrientes Capital se dirigi\u00f3 el d\u00eda s\u00e1bado 22 de Abril a las afueras de los hospitales Escuela \u201cJos\u00e9 De San Mart\u00edn\u201d, \u201cJos\u00e9 Ram\u00f3n Vidal\u201d \u00a0y \u201cJuan Pablo II\u201d, de la ciudad de Corrientes, con el fin de evangelizar a los transe\u00fantes. El equipo estaba [&hellip;]<\/p>\n","protected":false},"author":1,"featured_media":0,"comment_status":"closed","ping_status":"open","sticky":false,"template":"","format":"standard","meta":{"footnotes":""},"categories":[3,1],"tags":[],"class_list":["post-6451","post","type-post","status-publish","format-standard","hentry","category-ministerios","category-noticias"],"_links":{"self":[{"href":"https:\/\/www.jucumnorte.com.ar\/es\/wp-json\/wp\/v2\/posts\/6451","targetHints":{"allow":["GET"]}}],"collection":[{"href":"https:\/\/www.jucumnorte.com.ar\/es\/wp-json\/wp\/v2\/posts"}],"about":[{"href":"https:\/\/www.jucumnorte.com.ar\/es\/wp-json\/wp\/v2\/types\/post"}],"author":[{"embeddable":true,"href":"https:\/\/www.jucumnorte.com.ar\/es\/wp-json\/wp\/v2\/users\/1"}],"replies":[{"embeddable":true,"href":"https:\/\/www.jucumnorte.com.ar\/es\/wp-json\/wp\/v2\/comments?post=6451"}],"version-history":[{"count":0,"href":"https:\/\/www.jucumnorte.com.ar\/es\/wp-json\/wp\/v2\/posts\/6451\/revisions"}],"wp:attachment":[{"href":"https:\/\/www.jucumnorte.com.ar\/es\/wp-json\/wp\/v2\/media?parent=6451"}],"wp:term":[{"taxonomy":"category","embeddable":true,"href":"https:\/\/www.jucumnorte.com.ar\/es\/wp-json\/wp\/v2\/categories?post=6451"},{"taxonomy":"post_tag","embeddable":true,"href":"https:\/\/www.jucumnorte.com.ar\/es\/wp-json\/wp\/v2\/tags?post=6451"}],"curies":[{"name":"wp","href":"https:\/\/api.w.org\/{rel}","templated":true}]}}