{"id":6460,"date":"2017-05-06T11:52:20","date_gmt":"2017-05-06T14:52:20","guid":{"rendered":"http:\/\/www.jucumnorte.com.ar\/es\/?p=6460"},"modified":"2017-05-06T11:57:50","modified_gmt":"2017-05-06T14:57:50","slug":"retiro-jucumero-lleno-del-espiritu-santo","status":"publish","type":"post","link":"https:\/\/www.jucumnorte.com.ar\/es\/retiro-jucumero-lleno-del-espiritu-santo\/","title":{"rendered":"RETIRO JUCUMERO LLENO DEL ESP\u00cdRITU SANTO"},"content":{"rendered":"<p><a href=\"http:\/\/www.jucumnorte.com.ar\/es\/..\/wp-content\/2017\/05\/retiro.jpg\"><img loading=\"lazy\" decoding=\"async\" class=\"wp-image-6462 alignleft\" src=\"http:\/\/www.jucumnorte.com.ar\/es\/..\/wp-content\/2017\/05\/retiro-1024x683.jpg\" alt=\"\" width=\"653\" height=\"436\" srcset=\"https:\/\/www.jucumnorte.com.ar\/es\/wp-content\/uploads\/2017\/05\/retiro-1024x683.jpg 1024w, https:\/\/www.jucumnorte.com.ar\/es\/wp-content\/uploads\/2017\/05\/retiro-300x200.jpg 300w, https:\/\/www.jucumnorte.com.ar\/es\/wp-content\/uploads\/2017\/05\/retiro-768x512.jpg 768w, https:\/\/www.jucumnorte.com.ar\/es\/wp-content\/uploads\/2017\/05\/retiro.jpg 1500w\" sizes=\"auto, (max-width: 653px) 100vw, 653px\" \/><\/a>Cada a\u00f1o, Juventud Con Una Misi\u00f3n (JuCUM) de Corrientes capital, realiza un retiro a nivel local con el fin de congregar a todos sus obreros que sirven a tiempo completo en la misi\u00f3n. Es un tiempo de fortalecimiento, comuni\u00f3n y mucha ministraci\u00f3n.<\/p>\n<p>Este a\u00f1o, el esperado evento tuvo lugar entre los d\u00edas 27 y 30 de Abril, bajo el lema: <strong>\u201cCaminando con el Dios de toda Gracia\u201d<\/strong>. Alrededor de 250 personas fueron parte, incluyendo los obreros de la misi\u00f3n, hermanos de la Iglesia Centro Familiar e invitados de congregaciones amigas.<\/p>\n<p>Tuvieron el privilegio de recibir entre ellos al pastor Hugo Nu\u00f1ez de Posadas, Misiones, y a la misionera Ang\u00e9lica Vega, directora de la base de JuCUM de Buenos Aires. Ambos, en conjunto con David Olivera, director de la base de JuCUM Corrientes, estuvieron a cargo de ministrar la Palabra de Dios en los diferentes cultos y talleres. Algunos temas que tocaron fueron: Paternidad de Dios, la Unci\u00f3n del Esp\u00edritu Santo, Se\u00f1or\u00edo de Cristo, Unidad de la Iglesia, entre otros.<\/p>\n<p>Cada d\u00eda estuvo marcado por la fuerte manifestaci\u00f3n del Esp\u00edritu Santo entre ellos, a trav\u00e9s de sanidades f\u00edsicas, bautismo en lenguas y un ambiente de profundo quebrantamiento.<\/p>\n<p>Adem\u00e1s, tuvieron la oportunidad de ser ministrados v\u00eda Skype desde Estados Unidos por Shirley Alman, misionera con una trayectoria de m\u00e1s de 50 a\u00f1os en JuCUM internacional.<\/p>\n<p>Los misioneros describen esos d\u00edas como un tiempo de mucha intimidad con Dios, de recibir nuevos desaf\u00edos, de examinar los fundamentos.<\/p>\n<p><strong>\u201cEste retiro fue de mucha bendici\u00f3n porque Dios trajo nueva revelaci\u00f3n a mi vida. Adem\u00e1s, fue muy impactante ver el mover del Esp\u00edritu Santo tan fuerte entre nosotros. Pocas veces lo hab\u00eda experimentado as\u00ed.\u201d<\/strong> \u2013 Nos comenta Alberto Gim\u00e9nez, uno de los misioneros participantes.<\/p>\n<p>&nbsp;<\/p>\n<p>&nbsp;<\/p>\n","protected":false},"excerpt":{"rendered":"<p>Cada a\u00f1o, Juventud Con Una Misi\u00f3n (JuCUM) de Corrientes capital, realiza un retiro a nivel local con el fin de congregar a todos sus obreros que sirven a tiempo completo en la misi\u00f3n. Es un tiempo de fortalecimiento, comuni\u00f3n y mucha ministraci\u00f3n. Este a\u00f1o, el esperado evento tuvo lugar entre los d\u00edas 27 y 30 [&hellip;]<\/p>\n","protected":false},"author":1,"featured_media":0,"comment_status":"closed","ping_status":"open","sticky":false,"template":"","format":"standard","meta":{"footnotes":""},"categories":[3,1],"tags":[],"class_list":["post-6460","post","type-post","status-publish","format-standard","hentry","category-ministerios","category-noticias"],"_links":{"self":[{"href":"https:\/\/www.jucumnorte.com.ar\/es\/wp-json\/wp\/v2\/posts\/6460","targetHints":{"allow":["GET"]}}],"collection":[{"href":"https:\/\/www.jucumnorte.com.ar\/es\/wp-json\/wp\/v2\/posts"}],"about":[{"href":"https:\/\/www.jucumnorte.com.ar\/es\/wp-json\/wp\/v2\/types\/post"}],"author":[{"embeddable":true,"href":"https:\/\/www.jucumnorte.com.ar\/es\/wp-json\/wp\/v2\/users\/1"}],"replies":[{"embeddable":true,"href":"https:\/\/www.jucumnorte.com.ar\/es\/wp-json\/wp\/v2\/comments?post=6460"}],"version-history":[{"count":0,"href":"https:\/\/www.jucumnorte.com.ar\/es\/wp-json\/wp\/v2\/posts\/6460\/revisions"}],"wp:attachment":[{"href":"https:\/\/www.jucumnorte.com.ar\/es\/wp-json\/wp\/v2\/media?parent=6460"}],"wp:term":[{"taxonomy":"category","embeddable":true,"href":"https:\/\/www.jucumnorte.com.ar\/es\/wp-json\/wp\/v2\/categories?post=6460"},{"taxonomy":"post_tag","embeddable":true,"href":"https:\/\/www.jucumnorte.com.ar\/es\/wp-json\/wp\/v2\/tags?post=6460"}],"curies":[{"name":"wp","href":"https:\/\/api.w.org\/{rel}","templated":true}]}}