{"id":6595,"date":"2017-11-09T16:52:41","date_gmt":"2017-11-09T19:52:41","guid":{"rendered":"http:\/\/www.jucumnorte.com.ar\/es\/?p=6595"},"modified":"2017-11-09T16:55:57","modified_gmt":"2017-11-09T19:55:57","slug":"500-anos-de-la-reforma-protestante","status":"publish","type":"post","link":"https:\/\/www.jucumnorte.com.ar\/es\/500-anos-de-la-reforma-protestante\/","title":{"rendered":"500 A\u00d1OS DE LA REFORMA PROTESTANTE"},"content":{"rendered":"<p><a href=\"http:\/\/www.jucumnorte.com.ar\/es\/..\/wp-content\/2017\/11\/23117007_1299897146788618_914270416695829494_o.jpg\"><img loading=\"lazy\" decoding=\"async\" class=\"aligncenter wp-image-6596\" src=\"http:\/\/www.jucumnorte.com.ar\/es\/..\/wp-content\/2017\/11\/23117007_1299897146788618_914270416695829494_o-1024x683.jpg\" alt=\"\" width=\"650\" height=\"433\" srcset=\"https:\/\/www.jucumnorte.com.ar\/es\/wp-content\/uploads\/2017\/11\/23117007_1299897146788618_914270416695829494_o-1024x683.jpg 1024w, https:\/\/www.jucumnorte.com.ar\/es\/wp-content\/uploads\/2017\/11\/23117007_1299897146788618_914270416695829494_o-300x200.jpg 300w, https:\/\/www.jucumnorte.com.ar\/es\/wp-content\/uploads\/2017\/11\/23117007_1299897146788618_914270416695829494_o-768x512.jpg 768w, https:\/\/www.jucumnorte.com.ar\/es\/wp-content\/uploads\/2017\/11\/23117007_1299897146788618_914270416695829494_o.jpg 1500w\" sizes=\"auto, (max-width: 650px) 100vw, 650px\" \/><\/a><\/p>\n<p><strong>El d\u00eda martes 31 de Octubre, las iglesias de la Provincia de Corrientes se reunieron en el sal\u00f3n de eventos del Hogar Escuela de Corrientes Capital, para conmemorar el cumplimiento de 500 a\u00f1os de la Reforma Protestante.<\/strong><\/p>\n<p>&nbsp;<\/p>\n<p>500 a\u00f1os ya transcurrieron desde que el Reformador Mart\u00edn Lutero expusiera sus 95 tesis a las puertas de la\u00a0<a href=\"https:\/\/es.wikipedia.org\/wiki\/Iglesia_de_Todos_los_Santos_(Wittenberg)\">Iglesia del Palacio<\/a>\u00a0de\u00a0<a href=\"https:\/\/es.wikipedia.org\/wiki\/Wittenberg\">Wittenberg<\/a>\u00a0el 31 de octubre de 1517, en favor de la \u00fanica verdad de las Escrituras y en oposici\u00f3n a la manera aberrante en que la iglesia dominante de la \u00e9poca administraba la religi\u00f3n.<\/p>\n<p>&nbsp;<\/p>\n<p><strong>Solo Escritura, solo fe, solo gracia, solo Cristo, solo para Dios la gloria<\/strong>, son las denominadas <strong>5 solas <\/strong>que sintetizan el coraz\u00f3n de este movimiento reformador, el cual hall\u00f3 eco en los miles de cristianos que pese a la corrupci\u00f3n reinante en Roma, continuaban anhelando un encuentro con el Dios verdadero.<\/p>\n<p>&nbsp;<\/p>\n<p>As\u00ed, un n\u00famero importante de creyentes, pastores y l\u00edderes se dieron cita en el sal\u00f3n de eventos del Hogar Escuela ubicado en la zona c\u00e9ntrica de la capital correntina, para conmemorar este crucial acontecimiento.<\/p>\n<p>&nbsp;<\/p>\n<p>Sobre todas las cosas, se exalt\u00f3 el Nombre de nuestro Se\u00f1or Jesucristo a trav\u00e9s de un tiempo de alabanza y adoraci\u00f3n. Adem\u00e1s, Juventud Con Una Misi\u00f3n (JuCUM) de Corrientes Capital tuvo una participaci\u00f3n a trav\u00e9s de ni\u00f1os y adolescentes pertenecientes a\u00a0 este ministerio que presentaron coreograf\u00edas de adoraci\u00f3n a Dios.<\/p>\n<p>&nbsp;<\/p>\n<p>La predicaci\u00f3n estuvo a cargo del pastor Daniel Umbert, qui\u00e9n present\u00f3 un panorama hist\u00f3rico de la Reforma e hizo reflexionar a la hermandad acerca de su valor para los creyentes hoy.<\/p>\n<p>&nbsp;<\/p>\n<p>Para finalizar, se llev\u00f3 a cabo un poderoso tiempo de intercesi\u00f3n a favor del pa\u00eds y la provincia, proclamando que Jesucristo Reina.<\/p>\n<p>&nbsp;<\/p>\n<p>Hubo mucha alegr\u00eda y fervor entre la hermandad, mucho \u00e1nimo y decisi\u00f3n que la Reforma sea m\u00e1s que una fecha a conmemorar, que sea una manera de vivir la fe cada d\u00eda.<\/p>\n<p>&nbsp;<\/p>\n","protected":false},"excerpt":{"rendered":"<p>El d\u00eda martes 31 de Octubre, las iglesias de la Provincia de Corrientes se reunieron en el sal\u00f3n de eventos del Hogar Escuela de Corrientes Capital, para conmemorar el cumplimiento de 500 a\u00f1os de la Reforma Protestante. &nbsp; 500 a\u00f1os ya transcurrieron desde que el Reformador Mart\u00edn Lutero expusiera sus 95 tesis a las puertas [&hellip;]<\/p>\n","protected":false},"author":1,"featured_media":0,"comment_status":"closed","ping_status":"open","sticky":false,"template":"","format":"standard","meta":{"footnotes":""},"categories":[3,1],"tags":[],"class_list":["post-6595","post","type-post","status-publish","format-standard","hentry","category-ministerios","category-noticias"],"_links":{"self":[{"href":"https:\/\/www.jucumnorte.com.ar\/es\/wp-json\/wp\/v2\/posts\/6595","targetHints":{"allow":["GET"]}}],"collection":[{"href":"https:\/\/www.jucumnorte.com.ar\/es\/wp-json\/wp\/v2\/posts"}],"about":[{"href":"https:\/\/www.jucumnorte.com.ar\/es\/wp-json\/wp\/v2\/types\/post"}],"author":[{"embeddable":true,"href":"https:\/\/www.jucumnorte.com.ar\/es\/wp-json\/wp\/v2\/users\/1"}],"replies":[{"embeddable":true,"href":"https:\/\/www.jucumnorte.com.ar\/es\/wp-json\/wp\/v2\/comments?post=6595"}],"version-history":[{"count":0,"href":"https:\/\/www.jucumnorte.com.ar\/es\/wp-json\/wp\/v2\/posts\/6595\/revisions"}],"wp:attachment":[{"href":"https:\/\/www.jucumnorte.com.ar\/es\/wp-json\/wp\/v2\/media?parent=6595"}],"wp:term":[{"taxonomy":"category","embeddable":true,"href":"https:\/\/www.jucumnorte.com.ar\/es\/wp-json\/wp\/v2\/categories?post=6595"},{"taxonomy":"post_tag","embeddable":true,"href":"https:\/\/www.jucumnorte.com.ar\/es\/wp-json\/wp\/v2\/tags?post=6595"}],"curies":[{"name":"wp","href":"https:\/\/api.w.org\/{rel}","templated":true}]}}