{"id":672,"date":"2009-09-09T18:48:32","date_gmt":"2009-09-09T21:48:32","guid":{"rendered":"http:\/\/www.jucumnorte.com.ar\/es\/?p=672"},"modified":"2009-09-09T18:54:03","modified_gmt":"2009-09-09T21:54:03","slug":"retiro-de-kings-kids","status":"publish","type":"post","link":"https:\/\/www.jucumnorte.com.ar\/es\/retiro-de-kings-kids\/","title":{"rendered":"Retiro de Kings Kids"},"content":{"rendered":"<p><img loading=\"lazy\" decoding=\"async\" class=\"alignnone size-medium wp-image-678\" src=\"http:\/\/www.jucumnorte.com.ar\/es\/..\/wp-content\/2009\/09\/kknota21-300x225.jpg\" alt=\"\" width=\"300\" height=\"225\" srcset=\"https:\/\/www.jucumnorte.com.ar\/es\/wp-content\/uploads\/2009\/09\/kknota21-300x225.jpg 300w, https:\/\/www.jucumnorte.com.ar\/es\/wp-content\/uploads\/2009\/09\/kknota21.jpg 604w\" sizes=\"auto, (max-width: 300px) 100vw, 300px\" \/><br \/>\n<em>Coreograf\u00eda.<\/em><\/p>\n<p>Los d\u00edas 3 al 5 de setiembre 2009 el ministerio de <strong>Kings Kids<\/strong> junto a sus diferentes ministerios red participamos del retiro de lideres y core\u00f3grafos que realiza todos los a\u00f1os, en esta oportunidad fuimos a la ciudad de Ap\u00f3stoles en la provincia de Misiones.<br \/>\nTuvimos tiempos de ense\u00f1anza, de compartir y de ministraci\u00f3n. Participamos los ministerios de Garuhape, Alem, Virasoro. Campo Viera y Corrientes.<\/p>\n<p><img loading=\"lazy\" decoding=\"async\" class=\"alignnone size-medium wp-image-679\" src=\"http:\/\/www.jucumnorte.com.ar\/es\/..\/wp-content\/2009\/09\/kknota11-300x225.jpg\" alt=\"\" width=\"300\" height=\"225\" srcset=\"https:\/\/www.jucumnorte.com.ar\/es\/wp-content\/uploads\/2009\/09\/kknota11-300x225.jpg 300w, https:\/\/www.jucumnorte.com.ar\/es\/wp-content\/uploads\/2009\/09\/kknota11.jpg 604w\" sizes=\"auto, (max-width: 300px) 100vw, 300px\" \/><br \/>\n<em>Ense\u00f1ando.<\/em><\/p>\n<p><img loading=\"lazy\" decoding=\"async\" class=\"alignnone size-medium wp-image-680\" src=\"http:\/\/www.jucumnorte.com.ar\/es\/..\/wp-content\/2009\/09\/kknota31-300x225.jpg\" alt=\"\" width=\"300\" height=\"225\" srcset=\"https:\/\/www.jucumnorte.com.ar\/es\/wp-content\/uploads\/2009\/09\/kknota31-300x225.jpg 300w, https:\/\/www.jucumnorte.com.ar\/es\/wp-content\/uploads\/2009\/09\/kknota31.jpg 604w\" sizes=\"auto, (max-width: 300px) 100vw, 300px\" \/><br \/>\n<em>Ministraci\u00f3n.<\/em><\/p>\n","protected":false},"excerpt":{"rendered":"<p>Coreograf\u00eda. Los d\u00edas 3 al 5 de setiembre 2009 el ministerio de Kings Kids junto a sus diferentes ministerios red participamos del retiro de lideres y core\u00f3grafos que realiza todos los a\u00f1os, en esta oportunidad fuimos a la ciudad de Ap\u00f3stoles en la provincia de Misiones. Tuvimos tiempos de ense\u00f1anza, de compartir y de ministraci\u00f3n. [&hellip;]<\/p>\n","protected":false},"author":1,"featured_media":0,"comment_status":"closed","ping_status":"open","sticky":false,"template":"","format":"standard","meta":{"footnotes":""},"categories":[3,1],"tags":[],"class_list":["post-672","post","type-post","status-publish","format-standard","hentry","category-ministerios","category-noticias"],"_links":{"self":[{"href":"https:\/\/www.jucumnorte.com.ar\/es\/wp-json\/wp\/v2\/posts\/672","targetHints":{"allow":["GET"]}}],"collection":[{"href":"https:\/\/www.jucumnorte.com.ar\/es\/wp-json\/wp\/v2\/posts"}],"about":[{"href":"https:\/\/www.jucumnorte.com.ar\/es\/wp-json\/wp\/v2\/types\/post"}],"author":[{"embeddable":true,"href":"https:\/\/www.jucumnorte.com.ar\/es\/wp-json\/wp\/v2\/users\/1"}],"replies":[{"embeddable":true,"href":"https:\/\/www.jucumnorte.com.ar\/es\/wp-json\/wp\/v2\/comments?post=672"}],"version-history":[{"count":0,"href":"https:\/\/www.jucumnorte.com.ar\/es\/wp-json\/wp\/v2\/posts\/672\/revisions"}],"wp:attachment":[{"href":"https:\/\/www.jucumnorte.com.ar\/es\/wp-json\/wp\/v2\/media?parent=672"}],"wp:term":[{"taxonomy":"category","embeddable":true,"href":"https:\/\/www.jucumnorte.com.ar\/es\/wp-json\/wp\/v2\/categories?post=672"},{"taxonomy":"post_tag","embeddable":true,"href":"https:\/\/www.jucumnorte.com.ar\/es\/wp-json\/wp\/v2\/tags?post=672"}],"curies":[{"name":"wp","href":"https:\/\/api.w.org\/{rel}","templated":true}]}}