{"id":6839,"date":"2018-05-12T11:12:41","date_gmt":"2018-05-12T14:12:41","guid":{"rendered":"http:\/\/www.jucumnorte.com.ar\/es\/?p=6839"},"modified":"2018-05-12T11:12:41","modified_gmt":"2018-05-12T14:12:41","slug":"2-capacitacion-educar-para-la-vida","status":"publish","type":"post","link":"https:\/\/www.jucumnorte.com.ar\/es\/2-capacitacion-educar-para-la-vida\/","title":{"rendered":"2\u00b0 CAPACITACI\u00d3N: \u201cEDUCAR PARA LA VIDA\u201d"},"content":{"rendered":"<p><a href=\"http:\/\/www.jucumnorte.com.ar\/es\/..\/wp-content\/2018\/05\/WhatsApp-Image-2018-05-12-at-11.08.50.jpeg\"><img loading=\"lazy\" decoding=\"async\" class=\"wp-image-6840 alignleft\" src=\"http:\/\/www.jucumnorte.com.ar\/es\/..\/wp-content\/2018\/05\/WhatsApp-Image-2018-05-12-at-11.08.50-1024x768.jpeg\" alt=\"\" width=\"596\" height=\"447\" srcset=\"https:\/\/www.jucumnorte.com.ar\/es\/wp-content\/uploads\/2018\/05\/WhatsApp-Image-2018-05-12-at-11.08.50-1024x768.jpeg 1024w, https:\/\/www.jucumnorte.com.ar\/es\/wp-content\/uploads\/2018\/05\/WhatsApp-Image-2018-05-12-at-11.08.50-300x225.jpeg 300w, https:\/\/www.jucumnorte.com.ar\/es\/wp-content\/uploads\/2018\/05\/WhatsApp-Image-2018-05-12-at-11.08.50-768x576.jpeg 768w, https:\/\/www.jucumnorte.com.ar\/es\/wp-content\/uploads\/2018\/05\/WhatsApp-Image-2018-05-12-at-11.08.50.jpeg 1040w\" sizes=\"auto, (max-width: 596px) 100vw, 596px\" \/><\/a><\/p>\n<p><strong>Los d\u00edas 6 y 7 de abril del 2018 los docentes y personal del Instituto Nueva Generaci\u00f3n fueron parte de la 2\u00b0 Capacitaci\u00f3n \u201cEducar para la Vida\u201d.<\/strong><\/p>\n<p>&nbsp;<\/p>\n<p>Los docentes y el personal del Instituto Privado Nueva Generaci\u00f3n, ubicado en V\u00e9lez Sarsfield 1339 en Corrientes Capital se retiraron a una quinta de la localidad de Riachuelo los d\u00edas 6 y 7 de Abril con el fin de capacitarse a la luz de la Palabra de Dios en cuanto a la responsabilidad de continuar trasformando vidas a trav\u00e9s de la educaci\u00f3n.<\/p>\n<p>&nbsp;<\/p>\n<p>Educar para la vida es un seminario organizado por el equipo directivo del Instituto Nueva Generaci\u00f3n con el objetivo de capacitar docentes bajo una Cosmovisi\u00f3n B\u00edblica. Apunta a una formaci\u00f3n Cristo c\u00e9ntrica del ni\u00f1o, fundamentada en la Palabra de Dios y orientada principalmente a las relaciones personales de ellos, con Dios y el pr\u00f3jimo.<\/p>\n<p>&nbsp;<\/p>\n<p>En esta oportunidad, los temas tratados fueron: Manejo de las relaciones, Uso del tiempo, Adoraci\u00f3n, Aprendizaje Integral: Visual, Auditivo y Kinest\u00e9tico, adem\u00e1s de compartir tiempos de alabanza, oraci\u00f3n y recreaci\u00f3n.<\/p>\n<p>&nbsp;<\/p>\n<p><strong>\u201cSe vivi\u00f3 un ambiente ameno y de disposici\u00f3n\u201d<\/strong> &#8211; nos comenta la\u00a0 directora del plantel, Paola Alonso, quien adem\u00e1s nos informa que ya se est\u00e1 programando una tercera capacitaci\u00f3n para continuar educando para la vida.<\/p>\n<p>&nbsp;<\/p>\n<p>&nbsp;<\/p>\n","protected":false},"excerpt":{"rendered":"<p>Los d\u00edas 6 y 7 de abril del 2018 los docentes y personal del Instituto Nueva Generaci\u00f3n fueron parte de la 2\u00b0 Capacitaci\u00f3n \u201cEducar para la Vida\u201d. &nbsp; Los docentes y el personal del Instituto Privado Nueva Generaci\u00f3n, ubicado en V\u00e9lez Sarsfield 1339 en Corrientes Capital se retiraron a una quinta de la localidad de [&hellip;]<\/p>\n","protected":false},"author":1,"featured_media":0,"comment_status":"closed","ping_status":"open","sticky":false,"template":"","format":"standard","meta":{"footnotes":""},"categories":[1],"tags":[],"class_list":["post-6839","post","type-post","status-publish","format-standard","hentry","category-noticias"],"_links":{"self":[{"href":"https:\/\/www.jucumnorte.com.ar\/es\/wp-json\/wp\/v2\/posts\/6839","targetHints":{"allow":["GET"]}}],"collection":[{"href":"https:\/\/www.jucumnorte.com.ar\/es\/wp-json\/wp\/v2\/posts"}],"about":[{"href":"https:\/\/www.jucumnorte.com.ar\/es\/wp-json\/wp\/v2\/types\/post"}],"author":[{"embeddable":true,"href":"https:\/\/www.jucumnorte.com.ar\/es\/wp-json\/wp\/v2\/users\/1"}],"replies":[{"embeddable":true,"href":"https:\/\/www.jucumnorte.com.ar\/es\/wp-json\/wp\/v2\/comments?post=6839"}],"version-history":[{"count":0,"href":"https:\/\/www.jucumnorte.com.ar\/es\/wp-json\/wp\/v2\/posts\/6839\/revisions"}],"wp:attachment":[{"href":"https:\/\/www.jucumnorte.com.ar\/es\/wp-json\/wp\/v2\/media?parent=6839"}],"wp:term":[{"taxonomy":"category","embeddable":true,"href":"https:\/\/www.jucumnorte.com.ar\/es\/wp-json\/wp\/v2\/categories?post=6839"},{"taxonomy":"post_tag","embeddable":true,"href":"https:\/\/www.jucumnorte.com.ar\/es\/wp-json\/wp\/v2\/tags?post=6839"}],"curies":[{"name":"wp","href":"https:\/\/api.w.org\/{rel}","templated":true}]}}