{"id":805,"date":"2009-10-08T20:27:52","date_gmt":"2009-10-08T23:27:52","guid":{"rendered":"http:\/\/www.jucumnorte.com.ar\/es\/?p=805"},"modified":"2009-10-08T20:43:02","modified_gmt":"2009-10-08T23:43:02","slug":"septiembre-mes-de-la-biblia","status":"publish","type":"post","link":"https:\/\/www.jucumnorte.com.ar\/es\/septiembre-mes-de-la-biblia\/","title":{"rendered":"Septiembre: Mes de la Biblia"},"content":{"rendered":"<p><!-- \t\t@page { margin: 2cm } \t\tP { margin-bottom: 0.21cm } --><\/p>\n<p style=\"margin-top: 0.49cm; margin-bottom: 0cm;\" lang=\"en-US\"><span lang=\"es-AR\"><img loading=\"lazy\" decoding=\"async\" class=\"alignnone size-medium wp-image-804\" src=\"http:\/\/www.jucumnorte.com.ar\/es\/..\/wp-content\/2009\/10\/rafa-300x225.jpg\" alt=\"\" width=\"300\" height=\"225\" srcset=\"https:\/\/www.jucumnorte.com.ar\/es\/wp-content\/uploads\/2009\/10\/rafa-300x225.jpg 300w, https:\/\/www.jucumnorte.com.ar\/es\/wp-content\/uploads\/2009\/10\/rafa-1024x768.jpg 1024w, https:\/\/www.jucumnorte.com.ar\/es\/wp-content\/uploads\/2009\/10\/rafa.JPG 2048w\" sizes=\"auto, (max-width: 300px) 100vw, 300px\" \/><\/span><br \/>\n<em>Recibiendo ense\u00f1anza b\u00edblica.<\/em><\/p>\n<p><span lang=\"es-AR\"><br \/>\nEn este mes es celebrado <\/span><span lang=\"es-AR\">el <strong>Mes de la Biblia<\/strong> debido a que el 26 de septiembre de 1569 se termin\u00f3 de imprimir la primera Biblia traducida al espa\u00f1ol, llamada \u201c<\/span><span lang=\"es-AR\"><strong>Biblia del Oso\u201d<\/strong><\/span><span lang=\"es-AR\">.<\/span>\n<\/p>\n<p style=\"margin-top: 0.49cm; margin-bottom: 0cm;\" lang=\"en-US\"><span lang=\"es-AR\">Como <strong>Instituto Nueva Generaci\u00f3n<\/strong> hemos celebrado este d\u00eda por medio de un acto, con la participaci\u00f3n de alumnos en concursos b\u00edblicos, exposici\u00f3n de maquetas, recitaci\u00f3n de vers\u00edculos y dramatizaciones referidas a historias b\u00edblicas&#8230;<br \/>\n<\/span><span lang=\"es-AR\">Nos acompa\u00f1aron padres y maestros de teolog\u00eda.<\/span><\/p>\n<p style=\"margin-top: 0.49cm; margin-bottom: 0cm;\" lang=\"en-US\"><span lang=\"es-AR\"><br \/>\n<\/span><\/p>\n<p style=\"margin-top: 0.49cm; margin-bottom: 0cm;\" lang=\"en-US\"><span lang=\"es-AR\"><img loading=\"lazy\" decoding=\"async\" class=\"alignnone size-medium wp-image-801\" src=\"http:\/\/www.jucumnorte.com.ar\/es\/..\/wp-content\/2009\/10\/chamu2-300x225.jpg\" alt=\"\" width=\"300\" height=\"225\" srcset=\"https:\/\/www.jucumnorte.com.ar\/es\/wp-content\/uploads\/2009\/10\/chamu2-300x225.jpg 300w, https:\/\/www.jucumnorte.com.ar\/es\/wp-content\/uploads\/2009\/10\/chamu2.JPG 640w\" sizes=\"auto, (max-width: 300px) 100vw, 300px\" \/><\/span><span lang=\"es-AR\"><br \/>\n<em>Durante el concurso.<\/p>\n<p><\/em><\/span><\/p>\n<p><img loading=\"lazy\" decoding=\"async\" class=\"alignnone size-medium wp-image-802\" src=\"http:\/\/www.jucumnorte.com.ar\/es\/..\/wp-content\/2009\/10\/gladys-300x200.jpg\" alt=\"\" width=\"300\" height=\"200\" srcset=\"https:\/\/www.jucumnorte.com.ar\/es\/wp-content\/uploads\/2009\/10\/gladys-300x200.jpg 300w, https:\/\/www.jucumnorte.com.ar\/es\/wp-content\/uploads\/2009\/10\/gladys-1024x682.jpg 1024w\" sizes=\"auto, (max-width: 300px) 100vw, 300px\" \/><br \/>\n<em>Aprendiendo vers\u00edculos biblicos.<\/em><\/p>\n","protected":false},"excerpt":{"rendered":"<p>Recibiendo ense\u00f1anza b\u00edblica. En este mes es celebrado el Mes de la Biblia debido a que el 26 de septiembre de 1569 se termin\u00f3 de imprimir la primera Biblia traducida al espa\u00f1ol, llamada \u201cBiblia del Oso\u201d. Como Instituto Nueva Generaci\u00f3n hemos celebrado este d\u00eda por medio de un acto, con la participaci\u00f3n de alumnos en [&hellip;]<\/p>\n","protected":false},"author":1,"featured_media":0,"comment_status":"closed","ping_status":"open","sticky":false,"template":"","format":"standard","meta":{"footnotes":""},"categories":[3,1],"tags":[],"class_list":["post-805","post","type-post","status-publish","format-standard","hentry","category-ministerios","category-noticias"],"_links":{"self":[{"href":"https:\/\/www.jucumnorte.com.ar\/es\/wp-json\/wp\/v2\/posts\/805","targetHints":{"allow":["GET"]}}],"collection":[{"href":"https:\/\/www.jucumnorte.com.ar\/es\/wp-json\/wp\/v2\/posts"}],"about":[{"href":"https:\/\/www.jucumnorte.com.ar\/es\/wp-json\/wp\/v2\/types\/post"}],"author":[{"embeddable":true,"href":"https:\/\/www.jucumnorte.com.ar\/es\/wp-json\/wp\/v2\/users\/1"}],"replies":[{"embeddable":true,"href":"https:\/\/www.jucumnorte.com.ar\/es\/wp-json\/wp\/v2\/comments?post=805"}],"version-history":[{"count":0,"href":"https:\/\/www.jucumnorte.com.ar\/es\/wp-json\/wp\/v2\/posts\/805\/revisions"}],"wp:attachment":[{"href":"https:\/\/www.jucumnorte.com.ar\/es\/wp-json\/wp\/v2\/media?parent=805"}],"wp:term":[{"taxonomy":"category","embeddable":true,"href":"https:\/\/www.jucumnorte.com.ar\/es\/wp-json\/wp\/v2\/categories?post=805"},{"taxonomy":"post_tag","embeddable":true,"href":"https:\/\/www.jucumnorte.com.ar\/es\/wp-json\/wp\/v2\/tags?post=805"}],"curies":[{"name":"wp","href":"https:\/\/api.w.org\/{rel}","templated":true}]}}