{"id":903,"date":"2009-11-17T21:32:58","date_gmt":"2009-11-18T00:32:58","guid":{"rendered":"http:\/\/www.jucumnorte.com.ar\/es\/?p=903"},"modified":"2009-11-17T21:54:17","modified_gmt":"2009-11-18T00:54:17","slug":"seminario-aguila","status":"publish","type":"post","link":"https:\/\/www.jucumnorte.com.ar\/es\/seminario-aguila\/","title":{"rendered":"SEMINARIO \u00abAGUILA\u00bb"},"content":{"rendered":"<p><strong><img loading=\"lazy\" decoding=\"async\" class=\"alignnone size-medium wp-image-904\" src=\"http:\/\/www.jucumnorte.com.ar\/es\/..\/wp-content\/2009\/11\/SeminarioAguila-300x199.jpg\" alt=\"\" width=\"300\" height=\"199\" srcset=\"https:\/\/www.jucumnorte.com.ar\/es\/wp-content\/uploads\/2009\/11\/SeminarioAguila-300x199.jpg 300w, https:\/\/www.jucumnorte.com.ar\/es\/wp-content\/uploads\/2009\/11\/SeminarioAguila.jpg 640w\" sizes=\"auto, (max-width: 300px) 100vw, 300px\" \/><br \/>\n<\/strong><em>David ense\u00f1ando en el seminario.<br \/>\n<\/em><\/p>\n<p>\u00bfQuer\u00e9s volar por nuevas alturas?<\/p>\n<p><strong> <\/strong><\/p>\n<p><strong> <\/strong><\/p>\n<p><em><strong>\u00bfMuchas veces quisiste empezar un seminario pero no te daban los tiempos?<\/strong><\/em> <em>Tenemos algo especial para vos.<\/em><\/p>\n<p>La primera semana de cada mes, desde marzo hasta Noviembre, vas a profundizar en tu relaci\u00f3n con Dios.<br \/>\n<strong><br \/>\n<\/strong><\/p>\n<p><strong>Meditar\u00e1s en nuevos temas :<\/strong><\/p>\n<p><strong> <\/strong><\/p>\n<p><strong> <\/strong>* Bibliolog\u00eda<\/p>\n<p>* Vida cristiana 1 y 2<\/p>\n<p>* La persona de Dios y el Esp\u00edritu Santo<\/p>\n<p>* Arte<\/p>\n<p>* Dones y llamamiento<br \/>\n<strong><br \/>\n<\/strong><\/p>\n<p><strong> <\/strong>y muchos m\u00e1s!<strong> <\/strong><\/p>\n<p><strong> <\/strong><\/p>\n<p>Es para todos aquellos que quieran conocer a Dios y hacerlo conocido. Es un seminario por extensi\u00f3n.<\/p>\n<p><strong>Duraci\u00f3n: 3 a\u00f1os<\/strong><\/p>\n<p>Abierto a las iglesias.<strong><br \/>\n<\/strong><br \/>\n<strong>Opcional:<\/strong><\/p>\n<p>En las vacaciones de invierno y verano tendremos trabajos pr\u00e1cticos para hacer en tu iglesia local.<\/p>\n<p><em>Para mas informaci\u00f3n comun\u00edcate a con nosotros.<\/em><\/p>\n","protected":false},"excerpt":{"rendered":"<p>David ense\u00f1ando en el seminario. \u00bfQuer\u00e9s volar por nuevas alturas? \u00bfMuchas veces quisiste empezar un seminario pero no te daban los tiempos? Tenemos algo especial para vos. La primera semana de cada mes, desde marzo hasta Noviembre, vas a profundizar en tu relaci\u00f3n con Dios. Meditar\u00e1s en nuevos temas : * Bibliolog\u00eda * Vida cristiana [&hellip;]<\/p>\n","protected":false},"author":1,"featured_media":0,"comment_status":"closed","ping_status":"open","sticky":false,"template":"","format":"standard","meta":{"footnotes":""},"categories":[3,1],"tags":[],"class_list":["post-903","post","type-post","status-publish","format-standard","hentry","category-ministerios","category-noticias"],"_links":{"self":[{"href":"https:\/\/www.jucumnorte.com.ar\/es\/wp-json\/wp\/v2\/posts\/903","targetHints":{"allow":["GET"]}}],"collection":[{"href":"https:\/\/www.jucumnorte.com.ar\/es\/wp-json\/wp\/v2\/posts"}],"about":[{"href":"https:\/\/www.jucumnorte.com.ar\/es\/wp-json\/wp\/v2\/types\/post"}],"author":[{"embeddable":true,"href":"https:\/\/www.jucumnorte.com.ar\/es\/wp-json\/wp\/v2\/users\/1"}],"replies":[{"embeddable":true,"href":"https:\/\/www.jucumnorte.com.ar\/es\/wp-json\/wp\/v2\/comments?post=903"}],"version-history":[{"count":0,"href":"https:\/\/www.jucumnorte.com.ar\/es\/wp-json\/wp\/v2\/posts\/903\/revisions"}],"wp:attachment":[{"href":"https:\/\/www.jucumnorte.com.ar\/es\/wp-json\/wp\/v2\/media?parent=903"}],"wp:term":[{"taxonomy":"category","embeddable":true,"href":"https:\/\/www.jucumnorte.com.ar\/es\/wp-json\/wp\/v2\/categories?post=903"},{"taxonomy":"post_tag","embeddable":true,"href":"https:\/\/www.jucumnorte.com.ar\/es\/wp-json\/wp\/v2\/tags?post=903"}],"curies":[{"name":"wp","href":"https:\/\/api.w.org\/{rel}","templated":true}]}}